{"id":15285,"date":"2024-05-10T16:49:01","date_gmt":"2024-05-10T19:49:01","guid":{"rendered":"https:\/\/hostnetart.com.br\/baixada\/termina-no-domingo-12-periodo-de-inscricoes-para-o-1-festival-de-musica-contraf-cut\/"},"modified":"2024-05-10T16:49:01","modified_gmt":"2024-05-10T19:49:01","slug":"termina-no-domingo-12-periodo-de-inscricoes-para-o-1-festival-de-musica-contraf-cut","status":"publish","type":"post","link":"https:\/\/hostnetart.com.br\/baixada\/termina-no-domingo-12-periodo-de-inscricoes-para-o-1-festival-de-musica-contraf-cut\/","title":{"rendered":"Termina no domingo (12) per\u00edodo de inscri\u00e7\u00f5es para o 1\u00ba Festival de M\u00fasica Contraf-CUT"},"content":{"rendered":"<\/p>\n<p>Para participar do 1\u00ba Festival de M\u00fasica Contraf-CUT os interessados t\u00eam at\u00e9 domingo, 12 de maio. O concurso \u00e9 estendido para todos os trabalhadores do ramo financeiro, incluindo banc\u00e1rios e banc\u00e1rias, e ser\u00e1 totalmente online, com premia\u00e7\u00f5es de R$ 5 mil a R$ 500, do primeiro ao quinto colocados.<\/p>\n<p>Para concorrer, \u00e9 preciso inscrever-se (<strong><a href=\"https:\/\/docs.google.com\/forms\/d\/e\/1FAIpQLSdXbiqOeBJlxofM7JZAgAW_J7f2Oz41wjbneplOKJMa5jFekQ\/viewform?pli=1\" target=\"_blank\" rel=\"noopener noreferrer\">link aqui<\/a><\/strong>) e ler o regulamento (<strong><a href=\"https:\/\/contrafcut.com.br\/wp-content\/uploads\/2024\/03\/regulamento-do-1o-festival-de-musica-contraf-cut-2.pdf?swcfpc=1\" target=\"_blank\" rel=\"noopener noreferrer\">clique aqui<\/a><\/strong>). <\/p>\n<p>As regras do festival s\u00e3o a participa\u00e7\u00e3o com somente um trabalho (o candidato n\u00e3o pode concorrer com mais de uma m\u00fasica), sendo este de autoria ou de coautoria (feita em parceria com outra pessoa) e sem conte\u00fado impr\u00f3prio para publica\u00e7\u00e3o em redes sociais, racistas, homof\u00f3bicos ou com qualquer tio de ofensa a algum grupo ou g\u00eanero.<\/p>\n<h3><strong>Conhe\u00e7a o j\u00fari<\/strong><\/h3>\n<p>Ap\u00f3s o fim do per\u00edodo de inscri\u00e7\u00f5es, os trabalhos ser\u00e3o submetidos ao j\u00fari, formado por tr\u00eas especialistas que ir\u00e3o definir os cinco finalistas, at\u00e9 o dia 19 de maio. S\u00e3o eles:<\/p>\n<p><strong>Raquel de Souza Nascimento,<\/strong> que tem forma\u00e7\u00e3o no Conservat\u00f3rio Musical N. Sra de F\u00e1tima, S\u00e3o Paulo, com habilita\u00e7\u00e3o em piano e flauta. Atualmente, Raquel est\u00e1 finalizando licenciatura em m\u00fasica.<\/p>\n<p><strong>Jackson Evaristo Guedes de Lima, <\/strong>que \u00e9 bacharel em reg\u00eancia e composi\u00e7\u00e3o pela Unesp. Atualmente \u00e9 coordenador e professor do N\u00facleo de Consci\u00eancia Negra da USP.<\/p>\n<p><strong>Jesum Biasin,<\/strong> com 37 anos de carreira como pesquisador, int\u00e9rprete, ator e professor de percuss\u00e3o popular, baseado em v\u00e1rios estilos, desde m\u00fasica popular brasileira, at\u00e9 latina, afro-brasileira, jazz, rock, funk e reggae.<\/p>\n<h3><strong>De olho nas datas<\/strong><\/h3>\n<p><strong>22 de mar\u00e7o<\/strong> \u2013 In\u00edcio das inscri\u00e7\u00f5es por meio de formul\u00e1rio divulgado no site e redes sociais da Contraf-CUT<br \/><strong>12 de maio<\/strong> \u2013 Encerramento das inscri\u00e7\u00f5es<br \/><strong>13 a 19 de maio<\/strong> \u2013 Per\u00edodo de an\u00e1lise da curadoria<br \/><strong>20 de maio<\/strong> \u2013 Publica\u00e7\u00e3o dos selecionados<br \/><strong>21 a 28 de maio<\/strong> \u2013 Per\u00edodo para a vota\u00e7\u00e3o popular<br \/><strong>29 de maio<\/strong> \u2013 Divulga\u00e7\u00e3o dos cinco vencedores e entrega dos pr\u00eamios<\/p>\n<p><b>Fonte: Contraf-CUT<\/b><\/p>\n","protected":false},"excerpt":{"rendered":"<p>Para participar do 1\u00ba Festival de M\u00fasica Contraf-CUT os interessados t\u00eam at\u00e9 domingo, 12 de maio. O concurso \u00e9 estendido para todos os trabalhadores do ramo financeiro, incluindo banc\u00e1rios e banc\u00e1rias, e ser\u00e1 totalmente online, com premia\u00e7\u00f5es de R$ 5 mil a R$ 500, do primeiro ao quinto colocados. Para concorrer, \u00e9 preciso inscrever-se (link [&hellip;]<\/p>\n","protected":false},"author":2,"featured_media":15284,"comment_status":"","ping_status":"","sticky":false,"template":"","format":"standard","meta":{"footnotes":""},"categories":[3],"tags":[],"class_list":["post-15285","post","type-post","status-publish","format-standard","has-post-thumbnail","hentry","category-noticias"],"_links":{"self":[{"href":"https:\/\/hostnetart.com.br\/baixada\/wp-json\/wp\/v2\/posts\/15285","targetHints":{"allow":["GET"]}}],"collection":[{"href":"https:\/\/hostnetart.com.br\/baixada\/wp-json\/wp\/v2\/posts"}],"about":[{"href":"https:\/\/hostnetart.com.br\/baixada\/wp-json\/wp\/v2\/types\/post"}],"author":[{"embeddable":true,"href":"https:\/\/hostnetart.com.br\/baixada\/wp-json\/wp\/v2\/users\/2"}],"replies":[{"embeddable":true,"href":"https:\/\/hostnetart.com.br\/baixada\/wp-json\/wp\/v2\/comments?post=15285"}],"version-history":[{"count":0,"href":"https:\/\/hostnetart.com.br\/baixada\/wp-json\/wp\/v2\/posts\/15285\/revisions"}],"wp:featuredmedia":[{"embeddable":true,"href":"https:\/\/hostnetart.com.br\/baixada\/wp-json\/wp\/v2\/media\/15284"}],"wp:attachment":[{"href":"https:\/\/hostnetart.com.br\/baixada\/wp-json\/wp\/v2\/media?parent=15285"}],"wp:term":[{"taxonomy":"category","embeddable":true,"href":"https:\/\/hostnetart.com.br\/baixada\/wp-json\/wp\/v2\/categories?post=15285"},{"taxonomy":"post_tag","embeddable":true,"href":"https:\/\/hostnetart.com.br\/baixada\/wp-json\/wp\/v2\/tags?post=15285"}],"curies":[{"name":"wp","href":"https:\/\/api.w.org\/{rel}","templated":true}]}}