{"id":15279,"date":"2024-05-09T04:35:00","date_gmt":"2024-05-09T07:35:00","guid":{"rendered":"https:\/\/hostnetart.com.br\/baixada\/movimento-sindical-pede-adiamento-do-concurso-da-caixa\/"},"modified":"2024-05-09T04:35:00","modified_gmt":"2024-05-09T07:35:00","slug":"movimento-sindical-pede-adiamento-do-concurso-da-caixa","status":"publish","type":"post","link":"https:\/\/hostnetart.com.br\/baixada\/movimento-sindical-pede-adiamento-do-concurso-da-caixa\/","title":{"rendered":"Movimento Sindical pede adiamento do concurso da Caixa"},"content":{"rendered":"<\/p>\n<p>A Confedera\u00e7\u00e3o Nacional dos Trabalhadores do Ramo Financeiro (Contraf-CUT) enviou, nesta quarta-feira (8), um of\u00edcio \u00e0 Caixa Econ\u00f4mica Federal solicitando o adiamento da prova do concurso da Caixa, para n\u00e3o prejudicar os moradores do Rio Grande do Sul, que est\u00e3o impossibilitados de continuar sua prepara\u00e7\u00e3o para a prova em decorr\u00eancia das inunda\u00e7\u00f5es que atingem grande parte dos munic\u00edpios ga\u00fachos.<\/p>\n<p>No texto, a Contraf-CUT observa que a Caixa, sens\u00edvel \u00e0 situa\u00e7\u00e3o enfrentada pelo povo ga\u00facho, j\u00e1 implementou diversas medidas emergenciais para auxiliar as empregadas e empregados e toda popula\u00e7\u00e3o do estado e pede \u201cque o banco se mostre, mais uma vez, sens\u00edvel \u00e0 situa\u00e7\u00e3o dos moradores do Rio Grande do Sul, que est\u00e3o impossibilitados de continuar sua prepara\u00e7\u00e3o para esta prova de grande concorr\u00eancia, e adie o certame.\u201d A prova do concurso da Caixa est\u00e1 marcada para o dia 26 de maio.<\/p>\n<p>H\u00e1 mais de 10 dias, grande parte das cidades do Rio Grande do Sul est\u00e1 inundada em decorr\u00eancia das fortes chuvas no estado e da falta de pol\u00edticas p\u00fablicas que impedissem as enchentes. \u201cE a previs\u00e3o \u00e9 a de que continuar\u00e1 chovendo nos pr\u00f3ximos dias. Isso traz grandes preju\u00edzos aos candidatos, que n\u00e3o t\u00eam como dar continuidade aos estudos necess\u00e1rios para fazer a prova\u201d, observou a coordenadora da Comiss\u00e3o Executiva dos Empregados (CEE) da Caixa, Fabiana Uehara Proscholdt. \u201cPelo mesmo motivo, o governo federal j\u00e1 adiou a prova do Concurso Nacional Unificado. Por coer\u00eancia, o recomendado \u00e9 adiar tamb\u00e9m a prova do concurso da Caixa\u201d, completou.<\/p>\n<h3><strong>N\u00fameros da trag\u00e9dia<\/strong><\/h3>\n<p>Dos 497 munic\u00edpios ga\u00fachos, 388 foram afetados pelas fortes chuvas na regi\u00e3o. \u00c9 uma trag\u00e9dia que j\u00e1 afetou quase 1,5 milh\u00e3o de pessoas, deixou 362 feridos e causou 90 mortes, sem contar os 131 desaparecidos. De acordo com a Defesa Civil do estado, 48.297 desabrigados est\u00e3o instalados em alojamentos cedidos pelo poder p\u00fablico e 156.056 pessoas est\u00e3o desalojadas.<\/p>\n<p>As 2.338 escolas da rede estadual est\u00e3o com as aulas suspensas, afetando 273 mil alunos. Tudo isso, \u00e0s v\u00e9speras do concurso pelo qual a Caixa vai contratar mais de 4.000 novos empregados, com quase 1,6 milh\u00e3o de inscritos.<\/p>\n<p><b>Fonte: Contraf-CUT<\/b><\/p>\n","protected":false},"excerpt":{"rendered":"<p>A Confedera\u00e7\u00e3o Nacional dos Trabalhadores do Ramo Financeiro (Contraf-CUT) enviou, nesta quarta-feira (8), um of\u00edcio \u00e0 Caixa Econ\u00f4mica Federal solicitando o adiamento da prova do concurso da Caixa, para n\u00e3o prejudicar os moradores do Rio Grande do Sul, que est\u00e3o impossibilitados de continuar sua prepara\u00e7\u00e3o para a prova em decorr\u00eancia das inunda\u00e7\u00f5es que atingem grande [&hellip;]<\/p>\n","protected":false},"author":2,"featured_media":15278,"comment_status":"","ping_status":"","sticky":false,"template":"","format":"standard","meta":{"footnotes":""},"categories":[3],"tags":[],"class_list":["post-15279","post","type-post","status-publish","format-standard","has-post-thumbnail","hentry","category-noticias"],"_links":{"self":[{"href":"https:\/\/hostnetart.com.br\/baixada\/wp-json\/wp\/v2\/posts\/15279","targetHints":{"allow":["GET"]}}],"collection":[{"href":"https:\/\/hostnetart.com.br\/baixada\/wp-json\/wp\/v2\/posts"}],"about":[{"href":"https:\/\/hostnetart.com.br\/baixada\/wp-json\/wp\/v2\/types\/post"}],"author":[{"embeddable":true,"href":"https:\/\/hostnetart.com.br\/baixada\/wp-json\/wp\/v2\/users\/2"}],"replies":[{"embeddable":true,"href":"https:\/\/hostnetart.com.br\/baixada\/wp-json\/wp\/v2\/comments?post=15279"}],"version-history":[{"count":0,"href":"https:\/\/hostnetart.com.br\/baixada\/wp-json\/wp\/v2\/posts\/15279\/revisions"}],"wp:featuredmedia":[{"embeddable":true,"href":"https:\/\/hostnetart.com.br\/baixada\/wp-json\/wp\/v2\/media\/15278"}],"wp:attachment":[{"href":"https:\/\/hostnetart.com.br\/baixada\/wp-json\/wp\/v2\/media?parent=15279"}],"wp:term":[{"taxonomy":"category","embeddable":true,"href":"https:\/\/hostnetart.com.br\/baixada\/wp-json\/wp\/v2\/categories?post=15279"},{"taxonomy":"post_tag","embeddable":true,"href":"https:\/\/hostnetart.com.br\/baixada\/wp-json\/wp\/v2\/tags?post=15279"}],"curies":[{"name":"wp","href":"https:\/\/api.w.org\/{rel}","templated":true}]}}