{"id":15273,"date":"2024-05-07T05:05:40","date_gmt":"2024-05-07T08:05:40","guid":{"rendered":"https:\/\/hostnetart.com.br\/baixada\/santander-transfere-gerentes-van-gogh-para-superlinha\/"},"modified":"2024-05-07T05:05:40","modified_gmt":"2024-05-07T08:05:40","slug":"santander-transfere-gerentes-van-gogh-para-superlinha","status":"publish","type":"post","link":"https:\/\/hostnetart.com.br\/baixada\/santander-transfere-gerentes-van-gogh-para-superlinha\/","title":{"rendered":"Santander transfere gerentes Van Gogh para Superlinha"},"content":{"rendered":"<\/p>\n<p>O Santander anunciou uma medida emergencial para suprir a aus\u00eancia de funcion\u00e1rios devido aos temporais que atingiram 345 munic\u00edpios ga\u00fachos desde a semana passada, afetando a opera\u00e7\u00e3o da Superlinha, a central de atendimento do banco. A partir desta segunda-feira (6), gerentes do segmento Van Gogh do Rio de Janeiro e de S\u00e3o Paulo ser\u00e3o temporariamente direcionados para atuar na plataforma de atendimento, ap\u00f3s receberem treinamento.<\/p>\n<p>A iniciativa visa garantir a continuidade dos servi\u00e7os essenciais aos clientes, mesmo diante dos desafios impostos pelos eventos clim\u00e1ticos no Rio Grande do Sul. No entanto, a medida n\u00e3o est\u00e1 isenta de preocupa\u00e7\u00f5es por parte dos representantes dos trabalhadores.<\/p>\n<p>\u201cExigimos do banco transpar\u00eancia e acesso a todos esses trabalhadores, conforme garantido no ACT Santander. Vamos monitorar de perto para garantir que essa a\u00e7\u00e3o seja estritamente emergencial e que nenhum trabalhador seja transferido permanentemente para a empresa do conglomerado respons\u00e1vel pelos atendimentos\u201d, destacou Wanessa Queiroz, coordenadora da Comiss\u00e3o de Organiza\u00e7\u00e3o dos Empregados (COE) do Santander.<\/p>\n<h3>Trabalhadores ga\u00fachos<\/h3>\n<p>Para os trabalhadores no Rio Grande do Sul, a orienta\u00e7\u00e3o \u00e9 de que o funcion\u00e1rio que tiver qualquer dificuldade para sair de casa ou para chegar no seu local de trabalho, fique tranquilo. O banco est\u00e1 levantando as particularidades e restri\u00e7\u00f5es de cada funcion\u00e1rio e desde sexta atuando para apoiar banc\u00e1rios e familiares que foram impactados pelas chuvas. Est\u00e1 sendo avaliado cada caso como prioridade a pessoa e seu bem-estar.<\/p>\n<p>\u201cO colega que tenha notebook e condi\u00e7\u00f5es de trabalhar de casa, dever\u00e1 ficar em casa. As ag\u00eancias de bairros que foram afetados pelas enchentes, desligamento de luz pela distribuidora por seguran\u00e7a n\u00e3o ir\u00e3o abrir\u201d, frisa o diretor do SindBanc\u00e1rios Luiz Cassemiro. \u201cO banco tem a Funda\u00e7\u00e3o Santander e agora criou um fundo de ajuda humanit\u00e1ria que tem um projeto igual ao do SindBanc\u00e1rios, a cada um real doado pelos colegas o banco doar\u00e1 mais um e estar\u00e1 dando toda assist\u00eancia necess\u00e1ria para os colegas afetados pela triste situa\u00e7\u00e3o. Este \u00e9 mais um momento em que a prioridade \u00e9 cuidar e preservar a sa\u00fade f\u00edsica e mental dos colegas. Qualquer dificuldade que souberem de algum colega do Santander podem me acionar que entramos para ajudar\u201d, finalizou Cassemiro.<\/p>\n<p><b>Fonte: Contraf-CUT<\/b><\/p>\n","protected":false},"excerpt":{"rendered":"<p>O Santander anunciou uma medida emergencial para suprir a aus\u00eancia de funcion\u00e1rios devido aos temporais que atingiram 345 munic\u00edpios ga\u00fachos desde a semana passada, afetando a opera\u00e7\u00e3o da Superlinha, a central de atendimento do banco. A partir desta segunda-feira (6), gerentes do segmento Van Gogh do Rio de Janeiro e de S\u00e3o Paulo ser\u00e3o temporariamente [&hellip;]<\/p>\n","protected":false},"author":2,"featured_media":15272,"comment_status":"","ping_status":"","sticky":false,"template":"","format":"standard","meta":{"footnotes":""},"categories":[3],"tags":[],"class_list":["post-15273","post","type-post","status-publish","format-standard","has-post-thumbnail","hentry","category-noticias"],"_links":{"self":[{"href":"https:\/\/hostnetart.com.br\/baixada\/wp-json\/wp\/v2\/posts\/15273","targetHints":{"allow":["GET"]}}],"collection":[{"href":"https:\/\/hostnetart.com.br\/baixada\/wp-json\/wp\/v2\/posts"}],"about":[{"href":"https:\/\/hostnetart.com.br\/baixada\/wp-json\/wp\/v2\/types\/post"}],"author":[{"embeddable":true,"href":"https:\/\/hostnetart.com.br\/baixada\/wp-json\/wp\/v2\/users\/2"}],"replies":[{"embeddable":true,"href":"https:\/\/hostnetart.com.br\/baixada\/wp-json\/wp\/v2\/comments?post=15273"}],"version-history":[{"count":0,"href":"https:\/\/hostnetart.com.br\/baixada\/wp-json\/wp\/v2\/posts\/15273\/revisions"}],"wp:featuredmedia":[{"embeddable":true,"href":"https:\/\/hostnetart.com.br\/baixada\/wp-json\/wp\/v2\/media\/15272"}],"wp:attachment":[{"href":"https:\/\/hostnetart.com.br\/baixada\/wp-json\/wp\/v2\/media?parent=15273"}],"wp:term":[{"taxonomy":"category","embeddable":true,"href":"https:\/\/hostnetart.com.br\/baixada\/wp-json\/wp\/v2\/categories?post=15273"},{"taxonomy":"post_tag","embeddable":true,"href":"https:\/\/hostnetart.com.br\/baixada\/wp-json\/wp\/v2\/tags?post=15273"}],"curies":[{"name":"wp","href":"https:\/\/api.w.org\/{rel}","templated":true}]}}