{"id":15261,"date":"2024-05-02T16:37:42","date_gmt":"2024-05-02T19:37:42","guid":{"rendered":"https:\/\/hostnetart.com.br\/baixada\/santander-anuncia-mudanca-na-nomenclatura-dos-cargos-de-lider-de-atendimento\/"},"modified":"2024-05-02T16:37:42","modified_gmt":"2024-05-02T19:37:42","slug":"santander-anuncia-mudanca-na-nomenclatura-dos-cargos-de-lider-de-atendimento","status":"publish","type":"post","link":"https:\/\/hostnetart.com.br\/baixada\/santander-anuncia-mudanca-na-nomenclatura-dos-cargos-de-lider-de-atendimento\/","title":{"rendered":"Santander anuncia mudan\u00e7a na nomenclatura dos cargos de L\u00edder de Atendimento"},"content":{"rendered":"<p>O Santander comunicou na ter\u00e7a-feira (30) que a partir de 1\u00ba de maio ocorreria mudan\u00e7as nas nomenclaturas dos cargos L\u00edder de Atendimento, que passar\u00e3o a ter o nome de Especialista Santander (1,2 e 3), impactando cerca de 300 trabalhadores em todo pa\u00eds.<\/p>\n<p>De acordo com o banco, neste momento a mudan\u00e7a n\u00e3o ter\u00e1 impactos na carreira e remunera\u00e7\u00e3o dos trabalhadores. \u201cIremos acompanhar este processo para certificar que os trabalhadores impactados pela mudan\u00e7a de fato n\u00e3o sofrer\u00e3o qualquer preju\u00edzo\u201d, garantiu Wanessa de Queiroz, coordenadora da Comiss\u00e3o de Organiza\u00e7\u00e3o dos Empregados (COE) do Santander.<\/p>\n<p>Caso o banc\u00e1rio tenha qualquer problema decorrente da mudan\u00e7a de nomenclatura, ele deve acionar o seu sindicato por meio do Canal de Den\u00fancias. O sigilo \u00e9 garantido.<\/p>\n<p><strong>Fonte: Contraf-CUT<\/strong><\/p>\n","protected":false},"excerpt":{"rendered":"<p>O Santander comunicou na ter\u00e7a-feira (30) que a partir de 1\u00ba de maio ocorreria mudan\u00e7as nas nomenclaturas dos cargos L\u00edder de Atendimento, que passar\u00e3o a ter o nome de Especialista Santander (1,2 e 3), impactando cerca de 300 trabalhadores em todo pa\u00eds. De acordo com o banco, neste momento a mudan\u00e7a n\u00e3o ter\u00e1 impactos na [&hellip;]<\/p>\n","protected":false},"author":2,"featured_media":15260,"comment_status":"","ping_status":"","sticky":false,"template":"","format":"standard","meta":{"footnotes":""},"categories":[3],"tags":[],"class_list":["post-15261","post","type-post","status-publish","format-standard","has-post-thumbnail","hentry","category-noticias"],"_links":{"self":[{"href":"https:\/\/hostnetart.com.br\/baixada\/wp-json\/wp\/v2\/posts\/15261","targetHints":{"allow":["GET"]}}],"collection":[{"href":"https:\/\/hostnetart.com.br\/baixada\/wp-json\/wp\/v2\/posts"}],"about":[{"href":"https:\/\/hostnetart.com.br\/baixada\/wp-json\/wp\/v2\/types\/post"}],"author":[{"embeddable":true,"href":"https:\/\/hostnetart.com.br\/baixada\/wp-json\/wp\/v2\/users\/2"}],"replies":[{"embeddable":true,"href":"https:\/\/hostnetart.com.br\/baixada\/wp-json\/wp\/v2\/comments?post=15261"}],"version-history":[{"count":0,"href":"https:\/\/hostnetart.com.br\/baixada\/wp-json\/wp\/v2\/posts\/15261\/revisions"}],"wp:featuredmedia":[{"embeddable":true,"href":"https:\/\/hostnetart.com.br\/baixada\/wp-json\/wp\/v2\/media\/15260"}],"wp:attachment":[{"href":"https:\/\/hostnetart.com.br\/baixada\/wp-json\/wp\/v2\/media?parent=15261"}],"wp:term":[{"taxonomy":"category","embeddable":true,"href":"https:\/\/hostnetart.com.br\/baixada\/wp-json\/wp\/v2\/categories?post=15261"},{"taxonomy":"post_tag","embeddable":true,"href":"https:\/\/hostnetart.com.br\/baixada\/wp-json\/wp\/v2\/tags?post=15261"}],"curies":[{"name":"wp","href":"https:\/\/api.w.org\/{rel}","templated":true}]}}