{"id":15259,"date":"2024-05-02T16:34:10","date_gmt":"2024-05-02T19:34:10","guid":{"rendered":"https:\/\/hostnetart.com.br\/baixada\/saude-caixa-banco-apresenta-dados-insuficientes-para-analise\/"},"modified":"2024-05-02T16:34:10","modified_gmt":"2024-05-02T19:34:10","slug":"saude-caixa-banco-apresenta-dados-insuficientes-para-analise","status":"publish","type":"post","link":"https:\/\/hostnetart.com.br\/baixada\/saude-caixa-banco-apresenta-dados-insuficientes-para-analise\/","title":{"rendered":"Sa\u00fade Caixa: banco apresenta dados insuficientes para an\u00e1lise"},"content":{"rendered":"<p>A Caixa Econ\u00f4mica Federal n\u00e3o apresentou as informa\u00e7\u00f5es solicitadas pelos representantes dos empregados no GT Sa\u00fade Caixa para a an\u00e1lise e discuss\u00e3o de solu\u00e7\u00f5es para os problemas apontados pelos usu\u00e1rios do plano de sa\u00fade das empregadas e empregados. A maioria das informa\u00e7\u00f5es apresentadas pelos representantes da Caixa j\u00e1 haviam sido divulgadas, e est\u00e3o dispon\u00edveis a todos os usu\u00e1rios no\u00a0<a href=\"https:\/\/centralsaudecaixa.com.br\/wp-content\/uploads\/2023\/05\/relatorio2023.pdf\">Relat\u00f3rio de Administra\u00e7\u00e3o do Sa\u00fade Caixa<\/a>, divulgado no site da Central de Atendimento do plano.<\/p>\n<p>\u201cA Caixa n\u00e3o atendeu as demandas que j\u00e1 hav\u00edamos apresentado durante as negocia\u00e7\u00f5es, e que haviam sido refor\u00e7adas nos of\u00edcios que mandamos para o banco\u00a0<a href=\"https:\/\/contrafcut.com.br\/noticias\/saude-caixa-contraf-cut-cobra-os-itens-negociados\/\" target=\"_blank\" rel=\"noopener noreferrer\">em janeiro<\/a>\u00a0e agora,\u00a0<a href=\"https:\/\/contrafcut.com.br\/noticias\/caixa-contraf-cut-cobra-dados-sobre-saude-caixa\/\" target=\"_blank\" rel=\"noopener noreferrer\">na semana passada<\/a>. Al\u00e9m disso, as informa\u00e7\u00f5es que nos trouxeram n\u00e3o nos permite avan\u00e7ar nas solu\u00e7\u00f5es necess\u00e1rias\u201d, disse a coordenadora da Comiss\u00e3o Executiva dos Empregados (CEE) da Caixa, Fabiana Uehara Proscholdt, a Fabi.<\/p>\n<h3><strong>Melhoria na rede<\/strong><\/h3>\n<p>Ainda n\u00e3o h\u00e1 resposta sobre a implementa\u00e7\u00e3o das Ger\u00eancias e Representa\u00e7\u00f5es Regionais de Pessoas (Gipes e Repes, respectivamente), assim como dos comit\u00eas regionais de credenciamento e descredenciamentos, que podem contribuir com a melhoria do atendimento aos usu\u00e1rios e da rede credenciada, assim como com o aumento das especialidades m\u00e9dicas credenciadas ao plano em localidades mais remotas do pa\u00eds.<\/p>\n<p>Segundo a Caixa, o andamento do processo est\u00e1 aguardando a an\u00e1lise de espa\u00e7os para loca\u00e7\u00e3o e composi\u00e7\u00e3o de equipes. Mas o banco n\u00e3o soube responder quantas Gipes ser\u00e3o e tampouco em quais localidades elas ser\u00e3o instaladas. \u201c\u00c9 estranho o banco dizer que est\u00e1 em processo de an\u00e1lise de espa\u00e7os e cria\u00e7\u00e3o de equipes, mas n\u00e3o saber dizer quantas Gipes ser\u00e3o e as localidades das mesmas. Se est\u00e1 em an\u00e1lise, teriam que saber dizer, pelo menos, quantas ser\u00e3o\u201d, criticou a coordenadora da CEE.<\/p>\n<p>\u201cPrecisamos recriar as Gipes, as Repes e os comit\u00eas de credenciamento e descredenciamento o quanto antes, para ajudar na solu\u00e7\u00e3o de problemas da rede credenciada, evitando descredenciamentos devido burocracias, melhorando a rede credenciada, a sa\u00fade dos trabalhadores e, de quebra, fortalecendo o Sa\u00fade Caixa\u201d, completou.<\/p>\n<h3><strong>Valoriza\u00e7\u00e3o do GT<\/strong><\/h3>\n<p>Tamb\u00e9m foi cobrado que o banco aja com maior responsabilidade com o GT e o trate como espa\u00e7o de debate para solu\u00e7\u00e3o dos problemas do plano. \u201cEste espa\u00e7o \u00e9 muito importante para n\u00f3s, empregadas e empregados. Existem problemas que afetam o tratamento da nossa sa\u00fade e outros que podem prejudicar a manuten\u00e7\u00e3o do Sa\u00fade Caixa. N\u00e3o basta o banco vir aqui, repassar as informa\u00e7\u00f5es e n\u00e3o se dispor ao debate dos problemas e propostas de solu\u00e7\u00e3o, que \u00e9 a finalidade da exist\u00eancia do GT\u201d, disse.<\/p>\n<p>Para a representa\u00e7\u00e3o dos trabalhadores, a impress\u00e3o \u00e9 que o banco realizou a reuni\u00e3o apenas para cumprir uma formalidade ap\u00f3s a cobran\u00e7a da representa\u00e7\u00e3o das empregadas e empregados. \u201cN\u00e3o querem debater sobre propostas de solu\u00e7\u00e3o. Parece que n\u00e3o h\u00e1 vontade de resolver o que \u00e9 preciso ser resolvido\u201d, criticou.<\/p>\n<h3><strong>Dados insuficientes e inconsistentes<\/strong><\/h3>\n<p>Al\u00e9m do Relat\u00f3rio de Administra\u00e7\u00e3o do Sa\u00fade Caixa 2023, que j\u00e1 \u00e9 p\u00fablico, o banco trouxe poucas informa\u00e7\u00f5es referentes ao primeiro trimestre do ano. Segundo o banco, no fechamento do trimestre o Sa\u00fade Caixa possu\u00eda 280.583 usu\u00e1rios, com idade m\u00e9dia de 44,07 anos. Ap\u00f3s 197 credenciamentos e 102 descredenciamentos, a rede credenciada possu\u00eda, ao final de mar\u00e7o, 19.340 prestadores de servi\u00e7o e, no per\u00edodo foram realizados 1.004.659 atendimentos, com 16.763.111 procedimentos custeados.<\/p>\n<p>Somadas as receitas (R$ 842,3 milh\u00f5es) e despesas (R$ 916,6 milh\u00f5es), o Sa\u00fade Caixa apresentou um d\u00e9ficit de R$ 74,3 milh\u00f5es, com uma reserva t\u00e9cnica de R$ 104,4 milh\u00f5es.<\/p>\n<p>\u201cSegundo os representantes da Caixa, o aumento nas despesas, que foi 24% que no primeiro trimestre do ano passado, est\u00e1 relacionado em sua maior parte ao aumento na utiliza\u00e7\u00e3o, que estaria relacionado ao crescimento de casos de dengue. No entanto, as informa\u00e7\u00f5es apresentadas na reuni\u00e3o n\u00e3o s\u00e3o suficientes para confirmar a hip\u00f3tese. Refor\u00e7amos a necessidade de que os dados disponibilizados aos empregados possibilitem um acompanhamento efetivo do plano\u201d, disse o diretor de Sa\u00fade e Previd\u00eancia da Federa\u00e7\u00e3o Nacional das Associa\u00e7\u00f5es do Pessoal da Caixa Econ\u00f4mica Federal (Fenae), Leonardo Quadros, que tamb\u00e9m \u00e9 presidente da Apcef-SP.<\/p>\n<p>A representa\u00e7\u00e3o dos empregados tamb\u00e9m apontou inconsist\u00eancias no relat\u00f3rio atuarial elaborado pela consultoria contratada pela Caixa, que n\u00e3o considerou as contrata\u00e7\u00f5es previstas pelo concurso p\u00fablico em andamento e os efeitos do PDV, e cobrou sua revis\u00e3o. Tamb\u00e9m cobrou a disponibiliza\u00e7\u00e3o dos dados prim\u00e1rios, para an\u00e1lise por consultoria contratada pela representa\u00e7\u00e3o dos empregados. A Caixa disse que deve revisar a proje\u00e7\u00e3o atuarial de 2024, e informou que os dados prim\u00e1rios foram repassados para confer\u00eancia para sua consultoria atuarial e que, em seguida, dever\u00e3o ser disponibilizados para a representa\u00e7\u00e3o dos empregados.<\/p>\n<p><strong>Fonte: Contraf-CUT<\/strong><\/p>\n","protected":false},"excerpt":{"rendered":"<p>A Caixa Econ\u00f4mica Federal n\u00e3o apresentou as informa\u00e7\u00f5es solicitadas pelos representantes dos empregados no GT Sa\u00fade Caixa para a an\u00e1lise e discuss\u00e3o de solu\u00e7\u00f5es para os problemas apontados pelos usu\u00e1rios do plano de sa\u00fade das empregadas e empregados. A maioria das informa\u00e7\u00f5es apresentadas pelos representantes da Caixa j\u00e1 haviam sido divulgadas, e est\u00e3o dispon\u00edveis a [&hellip;]<\/p>\n","protected":false},"author":2,"featured_media":15258,"comment_status":"","ping_status":"","sticky":false,"template":"","format":"standard","meta":{"footnotes":""},"categories":[3],"tags":[],"class_list":["post-15259","post","type-post","status-publish","format-standard","has-post-thumbnail","hentry","category-noticias"],"_links":{"self":[{"href":"https:\/\/hostnetart.com.br\/baixada\/wp-json\/wp\/v2\/posts\/15259","targetHints":{"allow":["GET"]}}],"collection":[{"href":"https:\/\/hostnetart.com.br\/baixada\/wp-json\/wp\/v2\/posts"}],"about":[{"href":"https:\/\/hostnetart.com.br\/baixada\/wp-json\/wp\/v2\/types\/post"}],"author":[{"embeddable":true,"href":"https:\/\/hostnetart.com.br\/baixada\/wp-json\/wp\/v2\/users\/2"}],"replies":[{"embeddable":true,"href":"https:\/\/hostnetart.com.br\/baixada\/wp-json\/wp\/v2\/comments?post=15259"}],"version-history":[{"count":0,"href":"https:\/\/hostnetart.com.br\/baixada\/wp-json\/wp\/v2\/posts\/15259\/revisions"}],"wp:featuredmedia":[{"embeddable":true,"href":"https:\/\/hostnetart.com.br\/baixada\/wp-json\/wp\/v2\/media\/15258"}],"wp:attachment":[{"href":"https:\/\/hostnetart.com.br\/baixada\/wp-json\/wp\/v2\/media?parent=15259"}],"wp:term":[{"taxonomy":"category","embeddable":true,"href":"https:\/\/hostnetart.com.br\/baixada\/wp-json\/wp\/v2\/categories?post=15259"},{"taxonomy":"post_tag","embeddable":true,"href":"https:\/\/hostnetart.com.br\/baixada\/wp-json\/wp\/v2\/tags?post=15259"}],"curies":[{"name":"wp","href":"https:\/\/api.w.org\/{rel}","templated":true}]}}