{"id":15251,"date":"2024-05-02T12:58:04","date_gmt":"2024-05-02T15:58:04","guid":{"rendered":"https:\/\/hostnetart.com.br\/baixada\/prorrogacao-de-edital-de-convocacao-para-eleicao-de-delegado-sindical-da-caixa-economica-federal\/"},"modified":"2024-05-02T12:58:04","modified_gmt":"2024-05-02T15:58:04","slug":"prorrogacao-de-edital-de-convocacao-para-eleicao-de-delegado-sindical-da-caixa-economica-federal","status":"publish","type":"post","link":"https:\/\/hostnetart.com.br\/baixada\/prorrogacao-de-edital-de-convocacao-para-eleicao-de-delegado-sindical-da-caixa-economica-federal\/","title":{"rendered":"PRORROGA\u00c7\u00c3O DE EDITAL DE CONVOCA\u00c7\u00c3O PARA ELEI\u00c7\u00c3O DE DELEGADO SINDICAL DA CAIXA ECON\u00d4MICA FEDERAL"},"content":{"rendered":"<\/p>\n","protected":false},"excerpt":{"rendered":"","protected":false},"author":1,"featured_media":15250,"comment_status":"","ping_status":"","sticky":false,"template":"","format":"standard","meta":{"footnotes":""},"categories":[7],"tags":[],"class_list":["post-15251","post","type-post","status-publish","format-standard","has-post-thumbnail","hentry","category-edital"],"_links":{"self":[{"href":"https:\/\/hostnetart.com.br\/baixada\/wp-json\/wp\/v2\/posts\/15251","targetHints":{"allow":["GET"]}}],"collection":[{"href":"https:\/\/hostnetart.com.br\/baixada\/wp-json\/wp\/v2\/posts"}],"about":[{"href":"https:\/\/hostnetart.com.br\/baixada\/wp-json\/wp\/v2\/types\/post"}],"author":[{"embeddable":true,"href":"https:\/\/hostnetart.com.br\/baixada\/wp-json\/wp\/v2\/users\/1"}],"replies":[{"embeddable":true,"href":"https:\/\/hostnetart.com.br\/baixada\/wp-json\/wp\/v2\/comments?post=15251"}],"version-history":[{"count":0,"href":"https:\/\/hostnetart.com.br\/baixada\/wp-json\/wp\/v2\/posts\/15251\/revisions"}],"wp:featuredmedia":[{"embeddable":true,"href":"https:\/\/hostnetart.com.br\/baixada\/wp-json\/wp\/v2\/media\/15250"}],"wp:attachment":[{"href":"https:\/\/hostnetart.com.br\/baixada\/wp-json\/wp\/v2\/media?parent=15251"}],"wp:term":[{"taxonomy":"category","embeddable":true,"href":"https:\/\/hostnetart.com.br\/baixada\/wp-json\/wp\/v2\/categories?post=15251"},{"taxonomy":"post_tag","embeddable":true,"href":"https:\/\/hostnetart.com.br\/baixada\/wp-json\/wp\/v2\/tags?post=15251"}],"curies":[{"name":"wp","href":"https:\/\/api.w.org\/{rel}","templated":true}]}}