{"id":15247,"date":"2024-05-01T14:18:35","date_gmt":"2024-05-01T17:18:35","guid":{"rendered":"https:\/\/hostnetart.com.br\/baixada\/sindicato-participa-de-reuniao-com-superintendente-do-inss\/"},"modified":"2024-05-01T14:18:35","modified_gmt":"2024-05-01T17:18:35","slug":"sindicato-participa-de-reuniao-com-superintendente-do-inss","status":"publish","type":"post","link":"https:\/\/hostnetart.com.br\/baixada\/sindicato-participa-de-reuniao-com-superintendente-do-inss\/","title":{"rendered":"Sindicato participa de Reuni\u00e3o com Superintendente do INSS"},"content":{"rendered":"<\/p>\n<p>Nesta ter\u00e7a-feira, 30 de abril,\u00a0o Coordenador Geral do Sindicato dos Banc\u00e1rios da Baixada Fluminense, Pedro Batista, representando a Federa\u00e7\u00e3o dos Trabalhadores do Ramo Financeiro dos Estados do Rio de Janeiro e Esp\u00edrito Santo (Fetraf RJ\/ES), onde \u00e9 Vice-Presidente, se reuniu com o Superintendente da Previd\u00eancia Social do Rio de Janeiro, Marcos Fernandes, para debater sobre os antigos problemas enfrentados por banc\u00e1rias e banc\u00e1rios, como a dificuldade para o INSS reconhecer o acidente de trabalho, impasse que ocorre tamb\u00e9m nas demais categorias de trabalhadores.<\/p>\n<p>A reuni\u00e3o tamb\u00e9m contou com a presen\u00e7a do Secret\u00e1rio de Combate ao Racismo da Confedera\u00e7\u00e3o Nacional dos Trabalhadores do Ramo Financeiro (Contraf-CUT), Almir Aguiar, e dos diretores do Sindicato dos Banc\u00e1rios do Rio, Edelson Figueiredo e Renato Higino.<\/p>\n<p>No encontro, os dirigentes sindicais pediram uma aten\u00e7\u00e3o maior em rela\u00e7\u00e3o ao pedido de reconhecimento de acidente de trabalho, solicitado pelos trabalhadores, j\u00e1 que os peritos consideram apenas o aux\u00edlio-doen\u00e7a, o que n\u00e3o garante a estabilidade (o acidente de trabalho, ap\u00f3s 15 dias de afastamento, d\u00e1 um ano de estabilidade para o empregado ap\u00f3s ele retornar ao trabalho).<\/p>\n<p>Al\u00e9m disso, houve uma reivindica\u00e7\u00e3o para que n\u00e3o seja apenas o banco respons\u00e1vel pela emiss\u00e3o da CAT (Comunica\u00e7\u00e3o de Acidentes de Trabalho). Que o documento, tamb\u00e9m, seja emitido pelas entidades sindicais, um m\u00e9dico ou o pr\u00f3prio segurado do INSS, conforme prev\u00ea a Lei 8213\/91, o que tem sido descartado pelos peritos.<\/p>\n<p>Outro problema debatido foi que, no sistema da Previd\u00eancia Social, no momento de marcar a per\u00edcia, n\u00e3o h\u00e1 a op\u00e7\u00e3o \u201cacidente de trabalho\u201d, mas apenas \u201caux\u00edlio-doen\u00e7a\u201d e\/ou \u201cacidente t\u00edpico\u201d, o que leva a entidade sindical a optar pela primeira op\u00e7\u00e3o para que, somente no ato da per\u00edcia, seja finalmente transformado em acidente de trabalho.<\/p>\n<p>Marcos Fernandes, do INSS, explicou que h\u00e1 algum tempo, os peritos est\u00e3o subordinados a coordenadoria de per\u00edcias m\u00e9dicas. Por isso, sugeriu que seja marcada uma reuni\u00e3o com o setor.<\/p>\n<p>Os sindicalistas consideraram o encontro muito positivo.<\/p>\n<p>Outra preocupa\u00e7\u00e3o dos trabalhadores \u00e9 a demora no processo de concess\u00e3o dos benef\u00edcios.<\/p>\n<p>O superintendente Marcos Fernandes disse, no entanto, que tem sido realizado um esfor\u00e7o do governo e os benef\u00edcios est\u00e3o sendo concedidos com maior agilidade, lembrando que no m\u00eas de abril, v\u00e1rios deles foram concluidos em 30 dias, cumprindo assim o prazo previsto pela legisla\u00e7\u00e3o brasileira.<\/p>\n<p>\u201cSeguimos na luta para que os trabalhadores, que j\u00e1 tem a rotina pesada de trabalho, possam ter seus problemas com o INSS resolvidos de uma maneira mais f\u00e1cil. Consideramos a reuni\u00e3o proveitosa e continuaremos em contato com o INSS, at\u00e9 que nossas demandas sejam atendidas.\u201d, declarou Pedro Batista.<\/p>\n<p><b>Fonte: Fetraf RJ\/ES<\/b><\/p>\n","protected":false},"excerpt":{"rendered":"<p>Nesta ter\u00e7a-feira, 30 de abril,\u00a0o Coordenador Geral do Sindicato dos Banc\u00e1rios da Baixada Fluminense, Pedro Batista, representando a Federa\u00e7\u00e3o dos Trabalhadores do Ramo Financeiro dos Estados do Rio de Janeiro e Esp\u00edrito Santo (Fetraf RJ\/ES), onde \u00e9 Vice-Presidente, se reuniu com o Superintendente da Previd\u00eancia Social do Rio de Janeiro, Marcos Fernandes, para debater sobre [&hellip;]<\/p>\n","protected":false},"author":2,"featured_media":15246,"comment_status":"","ping_status":"","sticky":false,"template":"","format":"standard","meta":{"footnotes":""},"categories":[3],"tags":[],"class_list":["post-15247","post","type-post","status-publish","format-standard","has-post-thumbnail","hentry","category-noticias"],"_links":{"self":[{"href":"https:\/\/hostnetart.com.br\/baixada\/wp-json\/wp\/v2\/posts\/15247","targetHints":{"allow":["GET"]}}],"collection":[{"href":"https:\/\/hostnetart.com.br\/baixada\/wp-json\/wp\/v2\/posts"}],"about":[{"href":"https:\/\/hostnetart.com.br\/baixada\/wp-json\/wp\/v2\/types\/post"}],"author":[{"embeddable":true,"href":"https:\/\/hostnetart.com.br\/baixada\/wp-json\/wp\/v2\/users\/2"}],"replies":[{"embeddable":true,"href":"https:\/\/hostnetart.com.br\/baixada\/wp-json\/wp\/v2\/comments?post=15247"}],"version-history":[{"count":0,"href":"https:\/\/hostnetart.com.br\/baixada\/wp-json\/wp\/v2\/posts\/15247\/revisions"}],"wp:featuredmedia":[{"embeddable":true,"href":"https:\/\/hostnetart.com.br\/baixada\/wp-json\/wp\/v2\/media\/15246"}],"wp:attachment":[{"href":"https:\/\/hostnetart.com.br\/baixada\/wp-json\/wp\/v2\/media?parent=15247"}],"wp:term":[{"taxonomy":"category","embeddable":true,"href":"https:\/\/hostnetart.com.br\/baixada\/wp-json\/wp\/v2\/categories?post=15247"},{"taxonomy":"post_tag","embeddable":true,"href":"https:\/\/hostnetart.com.br\/baixada\/wp-json\/wp\/v2\/tags?post=15247"}],"curies":[{"name":"wp","href":"https:\/\/api.w.org\/{rel}","templated":true}]}}