{"id":15245,"date":"2024-04-30T15:15:17","date_gmt":"2024-04-30T18:15:17","guid":{"rendered":"https:\/\/hostnetart.com.br\/baixada\/tentativa-de-barrar-homenagem-a-joao-candido-expressa-ressentimento-das-elites-diz-almir-aguiar\/"},"modified":"2024-04-30T15:15:17","modified_gmt":"2024-04-30T18:15:17","slug":"tentativa-de-barrar-homenagem-a-joao-candido-expressa-ressentimento-das-elites-diz-almir-aguiar","status":"publish","type":"post","link":"https:\/\/hostnetart.com.br\/baixada\/tentativa-de-barrar-homenagem-a-joao-candido-expressa-ressentimento-das-elites-diz-almir-aguiar\/","title":{"rendered":"Tentativa de barrar homenagem a Jo\u00e3o C\u00e2ndido expressa ressentimento das elites, diz Almir Aguiar"},"content":{"rendered":"<p>O Secret\u00e1rio de Combate ao Racismo da Confedera\u00e7\u00e3o Nacional dos Trabalhadores do Ramo Financeiro (Contraf-CUT), Almir Aguiar, rebateu a <a href=\"https:\/\/g1.globo.com\/politica\/noticia\/2024\/04\/26\/abjetos-marinheiros-comandante-da-marinha-critica-homenagem-a-joao-candido-o-almirante-negro-e-lider-da-revolta-da-chibata.ghtml\" target=\"_blank\" rel=\"noopener noreferrer\">cr\u00edticas do comandante da Marinha<\/a>, Marcos Sampaio Olsen, que enviou, nesta semana, uma carta \u00e0 Comiss\u00e3o de Cultura da C\u00e2mara dos Deputados contra o Projeto de Lei n\u00ba 4.046\/2021, que inclui Jo\u00e3o C\u00e2ndido Felisberto, militar negro, l\u00edder da Revolta da Chibata, no Livro dos Her\u00f3is e Hero\u00ednas da P\u00e1tria.<\/p>\n<p>O PL foi aprovado no Senado em 2021 e, agora, est\u00e1 em debate na C\u00e2mara dos Deputados. Na \u00faltima quarta-feira (24), a Comiss\u00e3o de Cultura daquela casa fez uma audi\u00eancia sobre o tema, quando foi ouvido o of\u00edcio enviado pelo comandante da Marinha, pedindo que o nome de Jo\u00e3o C\u00e2ndido Felisberto, n\u00e3o fosse inclu\u00eddo no pante\u00e3o dos her\u00f3is da P\u00e1tria.<\/p>\n<p>As raz\u00f5es apontadas por Marcos Sampaio Olsen s\u00e3o de que a homenagem ao l\u00edder da Revolta da Chibata transmitiria \u201cem particular aos militares, a mensagem de que \u00e9 l\u00edcito recorrer \u00e0s armas que lhes foram confiadas para reivindicar suposto direito individual ou de classe\u201d. O comandante da Marinha tamb\u00e9m chamou de \u201chero\u00edsmo infundado\u201d o reconhecimento ao l\u00edder negro que se levantou contra a pr\u00e1tica de torturas.<\/p>\n<p>\u201cAs afirma\u00e7\u00f5es do comandante Olsen n\u00e3o t\u00eam nenhuma fundamenta\u00e7\u00e3o hist\u00f3rica e expressam todo o preconceito e ressentimento que as elites, civis e militares, ainda carregam contra os movimentos de rea\u00e7\u00e3o da popula\u00e7\u00e3o negra contra o racismo, a explora\u00e7\u00e3o do trabalho e toda a forma de injusti\u00e7a social no Brasil\u201d, pontuou Almir Aguiar.<\/p>\n<p>\u201cPor mais que os militares prezem pela hierarquia, a Marinha n\u00e3o tem como negar que a rebeli\u00e3o de Jo\u00e3o C\u00e2ndido foi, antes de tudo, uma a\u00e7\u00e3o humanit\u00e1ria contra os maus tratos e humilha\u00e7\u00f5es impostas aos trabalhadores marinheiros. Embora a revolta tenha acontecido ap\u00f3s a aboli\u00e7\u00e3o da escravatura, o racismo estrutural permaneceu n\u00e3o s\u00f3 nos quart\u00e9is como em toda a sociedade. C\u00e2ndido foi uma voz pela liberdade e por condi\u00e7\u00f5es dignas de trabalho\u201d, acrescentou o sindicalista.\u00a0<\/p>\n<p>\u201c\u00c9 preciso haver uma mobiliza\u00e7\u00e3o de toda a sociedade em defesa desta homenagem a Jo\u00e3o C\u00e2ndido, que n\u00e3o foi apenas um grande l\u00edder contra o racismo e as pr\u00e1ticas de viol\u00eancia contra trabalhadores na Marinha, mas um verdadeiro her\u00f3i nacional\u201d, concluiu o secret\u00e1rio de Combate ao Racismo da Contraf-CUT.<\/p>\n<p><strong>Fonte: Contraf-CUT<\/strong><\/p>\n","protected":false},"excerpt":{"rendered":"<p>O Secret\u00e1rio de Combate ao Racismo da Confedera\u00e7\u00e3o Nacional dos Trabalhadores do Ramo Financeiro (Contraf-CUT), Almir Aguiar, rebateu a cr\u00edticas do comandante da Marinha, Marcos Sampaio Olsen, que enviou, nesta semana, uma carta \u00e0 Comiss\u00e3o de Cultura da C\u00e2mara dos Deputados contra o Projeto de Lei n\u00ba 4.046\/2021, que inclui Jo\u00e3o C\u00e2ndido Felisberto, militar negro, [&hellip;]<\/p>\n","protected":false},"author":2,"featured_media":15244,"comment_status":"","ping_status":"","sticky":false,"template":"","format":"standard","meta":{"footnotes":""},"categories":[3],"tags":[],"class_list":["post-15245","post","type-post","status-publish","format-standard","has-post-thumbnail","hentry","category-noticias"],"_links":{"self":[{"href":"https:\/\/hostnetart.com.br\/baixada\/wp-json\/wp\/v2\/posts\/15245","targetHints":{"allow":["GET"]}}],"collection":[{"href":"https:\/\/hostnetart.com.br\/baixada\/wp-json\/wp\/v2\/posts"}],"about":[{"href":"https:\/\/hostnetart.com.br\/baixada\/wp-json\/wp\/v2\/types\/post"}],"author":[{"embeddable":true,"href":"https:\/\/hostnetart.com.br\/baixada\/wp-json\/wp\/v2\/users\/2"}],"replies":[{"embeddable":true,"href":"https:\/\/hostnetart.com.br\/baixada\/wp-json\/wp\/v2\/comments?post=15245"}],"version-history":[{"count":0,"href":"https:\/\/hostnetart.com.br\/baixada\/wp-json\/wp\/v2\/posts\/15245\/revisions"}],"wp:featuredmedia":[{"embeddable":true,"href":"https:\/\/hostnetart.com.br\/baixada\/wp-json\/wp\/v2\/media\/15244"}],"wp:attachment":[{"href":"https:\/\/hostnetart.com.br\/baixada\/wp-json\/wp\/v2\/media?parent=15245"}],"wp:term":[{"taxonomy":"category","embeddable":true,"href":"https:\/\/hostnetart.com.br\/baixada\/wp-json\/wp\/v2\/categories?post=15245"},{"taxonomy":"post_tag","embeddable":true,"href":"https:\/\/hostnetart.com.br\/baixada\/wp-json\/wp\/v2\/tags?post=15245"}],"curies":[{"name":"wp","href":"https:\/\/api.w.org\/{rel}","templated":true}]}}