{"id":15243,"date":"2024-04-30T15:14:04","date_gmt":"2024-04-30T18:14:04","guid":{"rendered":"https:\/\/hostnetart.com.br\/baixada\/saude-caixa-gt-volta-a-se-reunir-nesta-terca-30\/"},"modified":"2024-04-30T15:14:04","modified_gmt":"2024-04-30T18:14:04","slug":"saude-caixa-gt-volta-a-se-reunir-nesta-terca-30","status":"publish","type":"post","link":"https:\/\/hostnetart.com.br\/baixada\/saude-caixa-gt-volta-a-se-reunir-nesta-terca-30\/","title":{"rendered":"Sa\u00fade Caixa: GT volta a se reunir nesta ter\u00e7a (30)"},"content":{"rendered":"<p>O Grupo de Trabalho do Sa\u00fade Caixa, composto por representantes do banco e das empregadas e empregados, retoma as negocia\u00e7\u00f5es sobre o plano de sa\u00fade nesta ter\u00e7a-feira (30). As negocia\u00e7\u00f5es estavam paradas desde a\u00a0<a href=\"https:\/\/contrafcut.com.br\/noticias\/saude-caixa-maioria-das-assembleias-aprovou-acordo\" target=\"_blank\" rel=\"noopener noreferrer\">aprova\u00e7\u00e3o do aditivo<\/a>\u00a0ao Acordo Coletivo de Trabalho (ACT) que trata especificamente do Sa\u00fade Caixa.<\/p>\n<p>\u201cTemos\u00a0<a href=\"https:\/\/contrafcut.com.br\/noticias\/caixa-contraf-cut-cobra-dados-sobre-saude-caixa\" target=\"_blank\" rel=\"noopener noreferrer\">diversas quest\u00f5es a serem tratadas<\/a>, entre elas, a instala\u00e7\u00e3o das ger\u00eancias e das representa\u00e7\u00f5es regionais de Pessoas (Gipes e Repes) e dos comit\u00eas regionais de credenciamento e descredenciamento, que podem contribuir com a melhoria da qualidade de atendimento do plano, principalmente em localidades mais afastadas dos grandes centros do pa\u00eds, onde h\u00e1 uma car\u00eancia muito grande de algumas especialidades m\u00e9dicas credenciadas no plano\u201d, informou a coordenadora da Comiss\u00e3o Executiva dos Empregados (CEE) da Caixa, Fabiana Uehara Proscholdt, que \u00e9 conhecida como Fabi pelos colegas de trabalho no banco.<\/p>\n<p>A reuni\u00e3o come\u00e7a \u00e0s 16h e ser\u00e1 realizada na modalidade remota, por meio de uma plataforma digital de reuni\u00f5es e videoconfer\u00eancias.<\/p>\n<p><strong>Fonte: Contraf-CUT<\/strong><\/p>\n","protected":false},"excerpt":{"rendered":"<p>O Grupo de Trabalho do Sa\u00fade Caixa, composto por representantes do banco e das empregadas e empregados, retoma as negocia\u00e7\u00f5es sobre o plano de sa\u00fade nesta ter\u00e7a-feira (30). As negocia\u00e7\u00f5es estavam paradas desde a\u00a0aprova\u00e7\u00e3o do aditivo\u00a0ao Acordo Coletivo de Trabalho (ACT) que trata especificamente do Sa\u00fade Caixa. \u201cTemos\u00a0diversas quest\u00f5es a serem tratadas, entre elas, a [&hellip;]<\/p>\n","protected":false},"author":2,"featured_media":15242,"comment_status":"","ping_status":"","sticky":false,"template":"","format":"standard","meta":{"footnotes":""},"categories":[3],"tags":[],"class_list":["post-15243","post","type-post","status-publish","format-standard","has-post-thumbnail","hentry","category-noticias"],"_links":{"self":[{"href":"https:\/\/hostnetart.com.br\/baixada\/wp-json\/wp\/v2\/posts\/15243","targetHints":{"allow":["GET"]}}],"collection":[{"href":"https:\/\/hostnetart.com.br\/baixada\/wp-json\/wp\/v2\/posts"}],"about":[{"href":"https:\/\/hostnetart.com.br\/baixada\/wp-json\/wp\/v2\/types\/post"}],"author":[{"embeddable":true,"href":"https:\/\/hostnetart.com.br\/baixada\/wp-json\/wp\/v2\/users\/2"}],"replies":[{"embeddable":true,"href":"https:\/\/hostnetart.com.br\/baixada\/wp-json\/wp\/v2\/comments?post=15243"}],"version-history":[{"count":0,"href":"https:\/\/hostnetart.com.br\/baixada\/wp-json\/wp\/v2\/posts\/15243\/revisions"}],"wp:featuredmedia":[{"embeddable":true,"href":"https:\/\/hostnetart.com.br\/baixada\/wp-json\/wp\/v2\/media\/15242"}],"wp:attachment":[{"href":"https:\/\/hostnetart.com.br\/baixada\/wp-json\/wp\/v2\/media?parent=15243"}],"wp:term":[{"taxonomy":"category","embeddable":true,"href":"https:\/\/hostnetart.com.br\/baixada\/wp-json\/wp\/v2\/categories?post=15243"},{"taxonomy":"post_tag","embeddable":true,"href":"https:\/\/hostnetart.com.br\/baixada\/wp-json\/wp\/v2\/tags?post=15243"}],"curies":[{"name":"wp","href":"https:\/\/api.w.org\/{rel}","templated":true}]}}