{"id":15241,"date":"2024-04-29T13:56:30","date_gmt":"2024-04-29T16:56:30","guid":{"rendered":"https:\/\/hostnetart.com.br\/baixada\/movimento-sindical-cobra-dados-sobre-saude-caixa\/"},"modified":"2024-04-29T13:56:30","modified_gmt":"2024-04-29T16:56:30","slug":"movimento-sindical-cobra-dados-sobre-saude-caixa","status":"publish","type":"post","link":"https:\/\/hostnetart.com.br\/baixada\/movimento-sindical-cobra-dados-sobre-saude-caixa\/","title":{"rendered":"Movimento sindical cobra dados sobre Sa\u00fade Caixa"},"content":{"rendered":"<\/p>\n<p>A Confedera\u00e7\u00e3o Nacional dos Trabalhadores do Ramo Financeiro (Contraf-CUT) enviou, na sexta-feira (26), um of\u00edcio \u00e0 Caixa Econ\u00f4mica Federal cobrando o fornecimento dos dados prim\u00e1rios do Sa\u00fade Caixa, o plano de sa\u00fade das empregadas e empregados do banco. A determina\u00e7\u00e3o do repasse dos dados est\u00e1 estabelecida na cl\u00e1usula 3\u00aa do aditivo ao Acordo Coletivo de Trabalho (ACT) espec\u00edfico do Sa\u00fade Caixa, celebrado no final de 2023.<\/p>\n<p>O Par\u00e1grafo Quarto da Cl\u00e1usula Terceira do acordo diz que:<\/p>\n<p class=\"has-text-align-right\"><em>\u201cA Caixa apresentar\u00e1 ao GT Sa\u00fade CAIXA os dados prim\u00e1rios para avalia\u00e7\u00e3o do plano trimestralmente, incluindo: base de benefici\u00e1rios, base de prestadores, base de despesas assistenciais, base de receitas de participantes e base de receitas Caixa, al\u00e9m da posi\u00e7\u00e3o consolidada dos fundos de reservas, quantidade de benefici\u00e1rios e prestadores credenciados do plano, idade m\u00e9dia, quantidade de procedimentos efetuados, percentual de inadimpl\u00eancia, rela\u00e7\u00e3o trimestral de credenciamento e descredenciamento dos prestadores, nos moldes dos dados fornecidos para empresa de Consultoria Atuarial contratada pela Caixa, dentre outros, observadas a legisla\u00e7\u00e3o vigente e as diretrizes contidas na Lei Geral de Prote\u00e7\u00e3o de Dados.\u201d<\/em><\/p>\n<p>No of\u00edcio, a Contraf-CUT tamb\u00e9m solicita informa\u00e7\u00f5es sobre a previs\u00e3o do in\u00edcio das atividades das Ger\u00eancias Regionais de Pessoas (Gipes) e das Representa\u00e7\u00f5es Regionais de Pessoas (Repes), assim como a instala\u00e7\u00e3o dos comit\u00eas regionais de credenciamentos e descredenciamentos.<\/p>\n<p>\u201c<a href=\"https:\/\/contrafcut.com.br\/noticias\/saude-caixa-contraf-cut-cobra-os-itens-negociados\/\" target=\"_blank\" rel=\"noopener noreferrer\">Desde janeiro estamos cobrando<\/a> a recria\u00e7\u00e3o das estruturas regionais, conforme definido nas negocia\u00e7\u00f5es do acordo do Sa\u00fade Caixa e, agora, com o t\u00e9rmino do primeiro trimestre do ano, estamos incluindo a cobran\u00e7a dos dados trimestrais, conforme previsto no nosso acordo coletivo\u201d, disse a coordenadora da Comiss\u00e3o Executiva dos Empregados (CEE) da Caixa, Fabiana Uehara Proscholdt, conhecidas por seus colegas de trabalho no banco como Fabi.<\/p>\n<p>\u201cAs estruturas regionais de Pessoas s\u00e3o fundamentais para garantirmos a qualidade do atendimento, com a resolu\u00e7\u00e3o dos problemas dos usu\u00e1rios e credenciados, al\u00e9m do credenciamento de profissionais de certas especialidades e unidades de atendimento de sa\u00fade, principalmente em localidades mais afastadas dos grandes centros metropolitanos do pa\u00eds, mas tamb\u00e9m para o acompanhamento dos custos e viabilidade do plano para todos os empregados\u201d, completou.<\/p>\n<p>Leia a <a href=\"https:\/\/contrafcut.com.br\/wp-content\/uploads\/2024\/04\/of-10224-cef-saude-caixa.pdf\" target=\"_blank\" rel=\"noopener noreferrer\">\u00edntegra do of\u00edcio<\/a>.<\/p>\n<p><strong>Fonte: Contraf-CUT<\/strong><\/p>\n","protected":false},"excerpt":{"rendered":"<p>A Confedera\u00e7\u00e3o Nacional dos Trabalhadores do Ramo Financeiro (Contraf-CUT) enviou, na sexta-feira (26), um of\u00edcio \u00e0 Caixa Econ\u00f4mica Federal cobrando o fornecimento dos dados prim\u00e1rios do Sa\u00fade Caixa, o plano de sa\u00fade das empregadas e empregados do banco. A determina\u00e7\u00e3o do repasse dos dados est\u00e1 estabelecida na cl\u00e1usula 3\u00aa do aditivo ao Acordo Coletivo de [&hellip;]<\/p>\n","protected":false},"author":2,"featured_media":15240,"comment_status":"","ping_status":"","sticky":false,"template":"","format":"standard","meta":{"footnotes":""},"categories":[3],"tags":[],"class_list":["post-15241","post","type-post","status-publish","format-standard","has-post-thumbnail","hentry","category-noticias"],"_links":{"self":[{"href":"https:\/\/hostnetart.com.br\/baixada\/wp-json\/wp\/v2\/posts\/15241","targetHints":{"allow":["GET"]}}],"collection":[{"href":"https:\/\/hostnetart.com.br\/baixada\/wp-json\/wp\/v2\/posts"}],"about":[{"href":"https:\/\/hostnetart.com.br\/baixada\/wp-json\/wp\/v2\/types\/post"}],"author":[{"embeddable":true,"href":"https:\/\/hostnetart.com.br\/baixada\/wp-json\/wp\/v2\/users\/2"}],"replies":[{"embeddable":true,"href":"https:\/\/hostnetart.com.br\/baixada\/wp-json\/wp\/v2\/comments?post=15241"}],"version-history":[{"count":0,"href":"https:\/\/hostnetart.com.br\/baixada\/wp-json\/wp\/v2\/posts\/15241\/revisions"}],"wp:featuredmedia":[{"embeddable":true,"href":"https:\/\/hostnetart.com.br\/baixada\/wp-json\/wp\/v2\/media\/15240"}],"wp:attachment":[{"href":"https:\/\/hostnetart.com.br\/baixada\/wp-json\/wp\/v2\/media?parent=15241"}],"wp:term":[{"taxonomy":"category","embeddable":true,"href":"https:\/\/hostnetart.com.br\/baixada\/wp-json\/wp\/v2\/categories?post=15241"},{"taxonomy":"post_tag","embeddable":true,"href":"https:\/\/hostnetart.com.br\/baixada\/wp-json\/wp\/v2\/tags?post=15241"}],"curies":[{"name":"wp","href":"https:\/\/api.w.org\/{rel}","templated":true}]}}