{"id":15239,"date":"2024-04-29T13:55:02","date_gmt":"2024-04-29T16:55:02","guid":{"rendered":"https:\/\/hostnetart.com.br\/baixada\/previ-apoiada-pelo-movimento-sindical-chapa-1-vence-eleicoes\/"},"modified":"2024-04-29T13:55:02","modified_gmt":"2024-04-29T16:55:02","slug":"previ-apoiada-pelo-movimento-sindical-chapa-1-vence-eleicoes","status":"publish","type":"post","link":"https:\/\/hostnetart.com.br\/baixada\/previ-apoiada-pelo-movimento-sindical-chapa-1-vence-eleicoes\/","title":{"rendered":"Previ: apoiada pelo movimento sindical, Chapa 1 vence elei\u00e7\u00f5es"},"content":{"rendered":"<p>\u00a0<\/p>\n<p>Com 51,77% dos votos, <a href=\"https:\/\/previparaosassociados.com.br\/\" target=\"_blank\" rel=\"noopener noreferrer\">a Chapa 1, \u201cPrevi para os Associados\u201d<\/a>, venceu as Elei\u00e7\u00f5es Previ que, neste ano, definiu os ocupantes para o Conselho Diretor, Conselho Fiscal e Diretoria de Seguridade. O grupo re\u00fane associados da entidade que j\u00e1 fazem parte ou j\u00e1 tiveram experi\u00eancia na gest\u00e3o da Caixa de Previd\u00eancia dos Funcion\u00e1rios do Banco do Brasil (Previ), com novos candidatos.<\/p>\n<p>\u201cAgradecemos todas as associadas e todos os associados que participaram desta elei\u00e7\u00e3o, independentemente do voto. N\u00f3s vamos continuar atuando pelos interesses das trabalhadoras e trabalhadores do BB, da ativa e aposentados, progredindo na gest\u00e3o e na seguran\u00e7a da Previ. Nossa gest\u00e3o continuar\u00e1 buscando a proximidade e olhar dos associados e associadas, olhar que trouxe a Previ em seguran\u00e7a nesses seus 120 anos\u201d, declarou o diretor de Seguridade da Previ, Wagner Nascimento, membro da Chapa 1, portanto reeleito ao cargo.<\/p>\n<p>A coordenadora da Comiss\u00e3o de Empresa dos Funcion\u00e1rios do Banco do Brasil (CEBB), Fernanda Lopes, avaliou que o resultado do pleito mostra que os associados da Previ \u201cvotaram pela continuidade da gest\u00e3o que vem sendo feita nos \u00faltimos anos\u201d. Ela ainda lembrou que tamb\u00e9m \u00e9 uma vit\u00f3ria a participa\u00e7\u00e3o dos trabalhadores do BB no processo eleitoral, em si, com a escolha de seus representantes nas diretorias e conselhos.<\/p>\n<p>\u201cO modelo de gest\u00e3o da Previ \u00e9 refer\u00eancia para outras entidades do sistema de previd\u00eancia complementar fechado, por causa da paridade na gest\u00e3o, ou seja, parte dos diretores e conselheiros s\u00e3o indicados pelo patrocinador e a outra parte pelos associados e associadas. \u00c9 esta paridade que mant\u00e9m a Previ segura, porque os representados t\u00eam voz nas decis\u00f5es administrativas, para garantir os seus interesses dentro da entidade\u201d, concluiu.<\/p>\n<p>Veja abaixo os dados da vota\u00e7\u00e3o<\/p>\n<p>54.512 votos para Chapa 1 (51,77%)<br \/>38,679 votos para Chapa 2 (36,73%)<br \/>4.847 branco (4,6%)<br \/>7.268 nulos (6,9%)<\/p>\n<p><strong><a href=\"https:\/\/www.previ.com.br\/portal-previ\/a-previ\/eleicoes\/\" target=\"_blank\" rel=\"noopener noreferrer\">Clique aqui <\/a><\/strong>para ver o resultado o site oficial Elei\u00e7\u00f5es Previ 2024.<\/p>\n<p><strong>Fonte: Contraf-CUT<\/strong><\/p>\n","protected":false},"excerpt":{"rendered":"<p>\u00a0 Com 51,77% dos votos, a Chapa 1, \u201cPrevi para os Associados\u201d, venceu as Elei\u00e7\u00f5es Previ que, neste ano, definiu os ocupantes para o Conselho Diretor, Conselho Fiscal e Diretoria de Seguridade. O grupo re\u00fane associados da entidade que j\u00e1 fazem parte ou j\u00e1 tiveram experi\u00eancia na gest\u00e3o da Caixa de Previd\u00eancia dos Funcion\u00e1rios do [&hellip;]<\/p>\n","protected":false},"author":2,"featured_media":15238,"comment_status":"","ping_status":"","sticky":false,"template":"","format":"standard","meta":{"footnotes":""},"categories":[3],"tags":[],"class_list":["post-15239","post","type-post","status-publish","format-standard","has-post-thumbnail","hentry","category-noticias"],"_links":{"self":[{"href":"https:\/\/hostnetart.com.br\/baixada\/wp-json\/wp\/v2\/posts\/15239","targetHints":{"allow":["GET"]}}],"collection":[{"href":"https:\/\/hostnetart.com.br\/baixada\/wp-json\/wp\/v2\/posts"}],"about":[{"href":"https:\/\/hostnetart.com.br\/baixada\/wp-json\/wp\/v2\/types\/post"}],"author":[{"embeddable":true,"href":"https:\/\/hostnetart.com.br\/baixada\/wp-json\/wp\/v2\/users\/2"}],"replies":[{"embeddable":true,"href":"https:\/\/hostnetart.com.br\/baixada\/wp-json\/wp\/v2\/comments?post=15239"}],"version-history":[{"count":0,"href":"https:\/\/hostnetart.com.br\/baixada\/wp-json\/wp\/v2\/posts\/15239\/revisions"}],"wp:featuredmedia":[{"embeddable":true,"href":"https:\/\/hostnetart.com.br\/baixada\/wp-json\/wp\/v2\/media\/15238"}],"wp:attachment":[{"href":"https:\/\/hostnetart.com.br\/baixada\/wp-json\/wp\/v2\/media?parent=15239"}],"wp:term":[{"taxonomy":"category","embeddable":true,"href":"https:\/\/hostnetart.com.br\/baixada\/wp-json\/wp\/v2\/categories?post=15239"},{"taxonomy":"post_tag","embeddable":true,"href":"https:\/\/hostnetart.com.br\/baixada\/wp-json\/wp\/v2\/tags?post=15239"}],"curies":[{"name":"wp","href":"https:\/\/api.w.org\/{rel}","templated":true}]}}