{"id":15237,"date":"2024-04-26T03:57:39","date_gmt":"2024-04-26T06:57:39","guid":{"rendered":"https:\/\/hostnetart.com.br\/baixada\/seminario-debate-sobre-contribuicao-assistencial-e-revisao-da-cct\/"},"modified":"2024-04-26T03:57:39","modified_gmt":"2024-04-26T06:57:39","slug":"seminario-debate-sobre-contribuicao-assistencial-e-revisao-da-cct","status":"publish","type":"post","link":"https:\/\/hostnetart.com.br\/baixada\/seminario-debate-sobre-contribuicao-assistencial-e-revisao-da-cct\/","title":{"rendered":"Semin\u00e1rio debate sobre contribui\u00e7\u00e3o assistencial e revis\u00e3o da CCT"},"content":{"rendered":"<\/p>\n<div class=\"elementor elementor-12262 elementor-location-single post-24082 post type-post status-publish format-standard has-post-thumbnail hentry category-ultimas-noticias\" data-elementor-type=\"single-post\" data-elementor-id=\"12262\" data-elementor-settings=\"[]\">\n<div class=\"elementor-section-wrap\">\n<section class=\"elementor-section elementor-top-section elementor-element elementor-element-e256549 elementor-section-boxed elementor-section-height-default elementor-section-height-default\" data-id=\"e256549\" data-element_type=\"section\" data-settings=\"{&quot;background_background&quot;:&quot;classic&quot;}\">\n<div class=\"elementor-container elementor-column-gap-default\">\n<div class=\"elementor-row\">\n<div class=\"elementor-column elementor-col-100 elementor-top-column elementor-element elementor-element-3aa54a3\" data-id=\"3aa54a3\" data-element_type=\"column\">\n<div class=\"elementor-column-wrap elementor-element-populated\">\n<div class=\"elementor-widget-wrap\">\n<div class=\"elementor-element elementor-element-43a09ee elementor-widget elementor-widget-theme-post-content\" data-id=\"43a09ee\" data-element_type=\"widget\" data-widget_type=\"theme-post-content.default\">\n<div class=\"elementor-widget-container\">\n<p>O segundo dia do <a href=\"https:\/\/contrafcut.com.br\/noticias\/comecou-contraf-cut-debate-questoes-juridicas-do-ramo-financeiro\/\" target=\"_blank\" rel=\"noopener noreferrer\">4\u00ba Semin\u00e1rio Jur\u00eddico Nacional da Confedera\u00e7\u00e3o Nacional dos Trabalhadores do Ramo Financeiro (Contraf-CUT)<\/a> come\u00e7ou, na quarta-feira (24), com as reflex\u00f5es sobre contribui\u00e7\u00e3o assistencial da procuradora Priscila Moreto de Paula, vice-coordenadora da Coordenadoria Nacional de Liberdade Sindical (Conalis) do Minist\u00e9rio P\u00fablico do Trabalho (MPT).<\/p>\n<p>Priscila explicou que o empregador n\u00e3o pode interferir, muito menos impedir a rela\u00e7\u00e3o do trabalhador com o sindicato e que, caso isso ocorra, se configura em pr\u00e1tica antissindical e informou que, em maio, o MPT vai lan\u00e7ar uma cartilha de \u201cCombate aos atos antissindicais \u2013 Recusa \u00e0 negocia\u00e7\u00e3o coletiva prejudica a sa\u00fade social\u201d e, mais pra frente, uma publica\u00e7\u00e3o em quadrinhos sobre o mesmo tema.<\/p>\n<h3><strong>Contribui\u00e7\u00e3o assistencial<\/strong><\/h3>\n<p>\u201cEm rela\u00e7\u00e3o \u00e0 contribui\u00e7\u00e3o assistencial, o Supremo Tribunal Federal (STF) firmou o entendimento de que \u00e9 Constitucional, desde que assegurado o direito de oposi\u00e7\u00e3o em assembleia\u201d, lembrou a procuradora. \u201cN\u00f3s, do MPT, entendemos que n\u00e3o \u00e9 um direito, mas um exerc\u00edcio da oposi\u00e7\u00e3o. E trazemos um outro elemento, que \u00e9 inclus\u00e3o dos n\u00e3o-filiados ao sindicato na defini\u00e7\u00e3o sobre a contribui\u00e7\u00e3o assistencial\u201d, disse. \u201cOu seja, os editais de convoca\u00e7\u00e3o das assembleias t\u00eam que ser direcionados para toda a categoria, deixando claro que a defini\u00e7\u00e3o da contribui\u00e7\u00e3o assistencial ser\u00e1 um dos pontos de pauta\u201d, explicou, ao acrescentar que o MPT vai editar uma nota t\u00e9cnica com as diretrizes a serem seguidas.<\/p>\n<p>O advogado Jefferson Oliveira, assessor Jur\u00eddico da Contraf-CUT, lembrou que em 2018, quando a cl\u00e1usula de contribui\u00e7\u00e3o negocial foi inclu\u00edda da Conven\u00e7\u00e3o Coletiva de Trabalho (CCT) da categoria banc\u00e1ria, a Contraf-CUT enviou uma circular jur\u00eddica para todas as entidades que fazem parte do Comando Nacional dando as orienta\u00e7\u00f5es para a realiza\u00e7\u00e3o das assembleias para a aprova\u00e7\u00e3o da contribui\u00e7\u00e3o assistencial\/negocial por toda a categoria, filiados ou n\u00e3o, de cada base sindical.<\/p>\n<h3><strong>Pauta de reivindica\u00e7\u00f5es<\/strong><\/h3>\n<p>A segunda mesa de debates do dia debateu sobre a pauta unificada de reivindica\u00e7\u00f5es da categoria e a atualiza\u00e7\u00e3o t\u00e9cnico-jur\u00eddica da minuta, com contribui\u00e7\u00f5es dos advogados Jefferson Oliveira e Lucia Noronha, assessora jur\u00eddica do Sindicato dos Banc\u00e1rios de S\u00e3o Paulo, Osasco e Regi\u00e3o.<\/p>\n<p>L\u00facia Noronha abriu as reflex\u00f5es explicando que a entrega da pauta de reivindica\u00e7\u00f5es da categoria \u00e0 Federa\u00e7\u00e3o Nacional dos Bancos (Fenaban) \u00e9 o primeiro passo das negocia\u00e7\u00f5es. \u201cHoje a minuta de reivindica\u00e7\u00f5es tem 133 artigos, separados em cinco blocos: remunera\u00e7\u00e3o, emprego, igualdade de oportunidade, liberdade sindical e disposi\u00e7\u00f5es gerais\u201d.<\/p>\n<h3><strong>Altera\u00e7\u00f5es<\/strong><\/h3>\n<p>A assessora jur\u00eddica do Sindicato dos Banc\u00e1rios de S\u00e3o Paulo ressaltou, por\u00e9m, que apesar de ser refer\u00eancia para outras categorias, a minuta de reivindica\u00e7\u00f5es dos banc\u00e1rios precisa passar por algumas altera\u00e7\u00f5es e atualiza\u00e7\u00f5es.<\/p>\n<p>Um dos acr\u00e9scimos \u00e9 com rela\u00e7\u00e3o \u00e0 jornada semanal de quatro dias. \u201cMas, enquanto estamos reivindicando a jornada de quatro dias semanais, existem projetos de lei em tramita\u00e7\u00e3o no Congresso Nacional que tratam da libera\u00e7\u00e3o do funcionamento dos bancos comerciais e da Caixa (Econ\u00f4mica Federal) aos s\u00e1bados. Al\u00e9m disso, qualquer medida provis\u00f3ria enviada ao Congresso pelo governo anterior, tinha, ou era inclu\u00eddo um artigo liberando a abertura dos bancos e da Caixa aos s\u00e1bados, domingos e feriados. Essa proposta continua viva e em tramita\u00e7\u00e3o no Congresso\u201d.<\/p>\n<p>Outra altera\u00e7\u00e3o necess\u00e1ria \u00e9 com rela\u00e7\u00e3o \u00e0 isonomia salarial entre homens e mulheres. \u201cComemoramos no ano passado a promulga\u00e7\u00e3o da lei de igualdade salarial entre homens e mulheres. S\u00f3 que a oposi\u00e7\u00e3o quer revogar essa lei. Para nos resguardar contra essa tentativa de revoga\u00e7\u00e3o, precisamos pensar o que \u00e9 mais importante na lei para colocarmos na nossa conven\u00e7\u00e3o coletiva\u201d, orientou a advogada.<\/p>\n<p>L\u00facia tamb\u00e9m falou sobre o imposto de renda da Participa\u00e7\u00e3o nos Lucros e Resultados (PLR), defendendo que seja dado o mesmo tratamento dado \u00e0s distribui\u00e7\u00f5es de lucros e dividendos aos s\u00f3cios de empresas, que hoje t\u00eam isen\u00e7\u00e3o de impostos. \u201c\u00c9 mais justo com os trabalhadores, que recebem PLR (tributada) e n\u00e3o dividendos (isentos)\u201d, defendeu.<\/p>\n<p>Outros pontos que merecem revis\u00e3o tratam de:<\/p>\n<ul>\n<li>Estabilidade e dispensa imotivada;<\/li>\n<li>Terceiriza\u00e7\u00e3o e reconhecimento de v\u00ednculo empregat\u00edcio;<\/li>\n<li>As influ\u00eancias das mudan\u00e7as tecnol\u00f3gicas no fechamento de ag\u00eancias, adoecimento da categoria;<\/li>\n<li>Defini\u00e7\u00e3o e cobran\u00e7a de metas;<\/li>\n<li>Disparidade salarial entre altos cargos e a base da pir\u00e2mide salarial.<\/li>\n<\/ul>\n<h3><strong>Teletrabalho<\/strong><\/h3>\n<p>L\u00facia destacou ainda a trajet\u00f3ria que levou \u00e0 conquista da categoria de artigos na CCCT relacionados ao teletrabalho.<\/p>\n<p>\u201cCome\u00e7amos a discutir a regulamenta\u00e7\u00e3o do teletrabalho por causa da pandemia, em 2020. Na ocasi\u00e3o t\u00ednhamos, na legisla\u00e7\u00e3o brasileira, poucos instrumentos, dois ou tr\u00eas artigos da CLT, que haviam sido incorporados pela Reforma Trabalhistas. Al\u00e9m de poucos, eram muito ruins. Ent\u00e3o, como refer\u00eancia, pesquisamos as legisla\u00e7\u00f5es estrangeiras, portuguesa e espanhola. E trouxemos, para a nossa conven\u00e7\u00e3o, muito da legisla\u00e7\u00e3o portuguesa, porque atendia bem ao que os banc\u00e1rios tinham respondido na pesquisa sobre teletrabalho, feita pelo DIEESE. Agora, temos que ampliar o rol de direitos, que servem hoje como refer\u00eancia para outras categorias\u201d, defendeu a advogada. \u201cSeguimos ainda atuando na quest\u00e3o do ass\u00e9dio moral e sexual. Temos uma cartilha maravilhosa, que acho que tamb\u00e9m vai passar a ser refer\u00eancia para outras categorias\u201d, completou.<\/p>\n<h3><strong>Revis\u00e3o da minuta<\/strong><\/h3>\n<p>O advogado da Contraf-CUT, Jefferson Oliveira, encerrou a \u00faltima mesa de debates do semin\u00e1rio explicando que \u00e9 preciso fazer uma revis\u00e3o t\u00e9cnica da minuta de reivindica\u00e7\u00f5es, e que, nesta tarefa, as assessorias jur\u00eddicas das entidades sindicais t\u00eam um papel fundamental.<\/p>\n<p>\u201c\u00c9 o objetivo do semin\u00e1rio. Mas uma revis\u00e3o do ponto de vista t\u00e9cnico, implica melhorar reda\u00e7\u00e3o, dar uma nova disposi\u00e7\u00e3o ao texto para melhorar a compreens\u00e3o, relacionar a minuta com a legisla\u00e7\u00e3o e as jurisprud\u00eancias espec\u00edficas. E n\u00e3o conseguiremos fazer isso aqui. Por isso, pe\u00e7o que voc\u00eas levem esta tarefa como uma \u2018li\u00e7\u00e3o de casa\u2019 e nos mandem suas contribui\u00e7\u00f5es t\u00e9cnicas para o e-mail que ser\u00e1 constitu\u00eddo especificamente para esta finalidade e ser\u00e1 divulgado para todas as entidades\u201d, disse.<\/p>\n<p>\u00a0<\/p>\n<h3><strong>Balan\u00e7o do evento<\/strong><\/h3>\n<p>O 4\u00ba Semin\u00e1rio Jur\u00eddico da Contraf-CUT contou com 98 representantes de sindicatos das 11 federa\u00e7\u00f5es que fazem parte do Comando Nacional dos Banc\u00e1rios, tanto secret\u00e1rios das entidades, quanto suas assessorias jur\u00eddicas.<\/p>\n<p>No encontro, a presidenta e o assessor jur\u00eddico da Contraf-CUT, Juvandia Moreira e Lourival Rodrigues, respectivamente, entregaram \u00e0 procuradora Priscila Moreto de Paula os exemplares das cartilhas \u201cSexo Fr\u00e1gil \u2013 Um manual sobre a masculinidade e suas quest\u00f5es\u201d e \u201cComo conversar com homens sobre viol\u00eancia contra meninas e mulheres\u201d.<\/p>\n<p>Os materiais fazem parte do <a href=\"https:\/\/contrafcut.com.br\/noticias\/cartilhas-de-combate-a-violencia-de-genero-consolidam-mais-um-passo-na-luta-de-bancarias-contra-assedio\/\" target=\"_blank\" rel=\"noopener noreferrer\">Programa Nacional de Iniciativas de Preven\u00e7\u00e3o \u00e0 Viol\u00eancia Contra a Mulher<\/a>, lan\u00e7ado em 2023 e conquista das banc\u00e1rias, na luta contra o ass\u00e9dio no ambiente de trabalho e na sociedade.<\/p>\n<p>Para Juvandia Moreira, que tamb\u00e9m \u00e9 coordenadora do Comando Nacional dos Banc\u00e1rios, o semin\u00e1rio \u201creferendou o acerto das pol\u00edticas orientadas pela entidade, em um momento extremamente nocivo, diante das mudan\u00e7as inauguradas com a reforma trabalhista, a partir de 2017\u201d, pontuou.<\/p>\n<p>Lourival Rodrigues, complementou a an\u00e1lise, ao concluir que \u201co semin\u00e1rio representou esfor\u00e7o da Secretaria Assuntos Jur\u00eddicos da Contraf-CUT em garantir a unidade de atua\u00e7\u00e3o dos sindicatos frente aos desafios das mudan\u00e7as p\u00f3s reforma trabalhista\u201d.<\/p>\n<p><strong>Fonte: Contraf-CUT<\/strong><\/p>\n<\/div>\n<\/div>\n<\/div>\n<\/div>\n<\/div>\n<\/div>\n<\/div>\n<\/section>\n<\/div>\n<\/div>\n<div class=\"elementor elementor-12132 elementor-location-footer\" data-elementor-type=\"footer\" data-elementor-id=\"12132\" data-elementor-settings=\"[]\">\u00a0<\/div>\n<p>\u00a0<\/p>\n","protected":false},"excerpt":{"rendered":"<p>O segundo dia do 4\u00ba Semin\u00e1rio Jur\u00eddico Nacional da Confedera\u00e7\u00e3o Nacional dos Trabalhadores do Ramo Financeiro (Contraf-CUT) come\u00e7ou, na quarta-feira (24), com as reflex\u00f5es sobre contribui\u00e7\u00e3o assistencial da procuradora Priscila Moreto de Paula, vice-coordenadora da Coordenadoria Nacional de Liberdade Sindical (Conalis) do Minist\u00e9rio P\u00fablico do Trabalho (MPT). Priscila explicou que o empregador n\u00e3o pode interferir, [&hellip;]<\/p>\n","protected":false},"author":2,"featured_media":15236,"comment_status":"","ping_status":"","sticky":false,"template":"","format":"standard","meta":{"footnotes":""},"categories":[3],"tags":[],"class_list":["post-15237","post","type-post","status-publish","format-standard","has-post-thumbnail","hentry","category-noticias"],"_links":{"self":[{"href":"https:\/\/hostnetart.com.br\/baixada\/wp-json\/wp\/v2\/posts\/15237","targetHints":{"allow":["GET"]}}],"collection":[{"href":"https:\/\/hostnetart.com.br\/baixada\/wp-json\/wp\/v2\/posts"}],"about":[{"href":"https:\/\/hostnetart.com.br\/baixada\/wp-json\/wp\/v2\/types\/post"}],"author":[{"embeddable":true,"href":"https:\/\/hostnetart.com.br\/baixada\/wp-json\/wp\/v2\/users\/2"}],"replies":[{"embeddable":true,"href":"https:\/\/hostnetart.com.br\/baixada\/wp-json\/wp\/v2\/comments?post=15237"}],"version-history":[{"count":0,"href":"https:\/\/hostnetart.com.br\/baixada\/wp-json\/wp\/v2\/posts\/15237\/revisions"}],"wp:featuredmedia":[{"embeddable":true,"href":"https:\/\/hostnetart.com.br\/baixada\/wp-json\/wp\/v2\/media\/15236"}],"wp:attachment":[{"href":"https:\/\/hostnetart.com.br\/baixada\/wp-json\/wp\/v2\/media?parent=15237"}],"wp:term":[{"taxonomy":"category","embeddable":true,"href":"https:\/\/hostnetart.com.br\/baixada\/wp-json\/wp\/v2\/categories?post=15237"},{"taxonomy":"post_tag","embeddable":true,"href":"https:\/\/hostnetart.com.br\/baixada\/wp-json\/wp\/v2\/tags?post=15237"}],"curies":[{"name":"wp","href":"https:\/\/api.w.org\/{rel}","templated":true}]}}