{"id":15233,"date":"2024-04-25T16:51:54","date_gmt":"2024-04-25T19:51:54","guid":{"rendered":"https:\/\/hostnetart.com.br\/baixada\/coe-cobra-explicacoes-do-itau-sobre-fechamento-de-agencias-e-punicoes\/"},"modified":"2024-04-25T16:51:54","modified_gmt":"2024-04-25T19:51:54","slug":"coe-cobra-explicacoes-do-itau-sobre-fechamento-de-agencias-e-punicoes","status":"publish","type":"post","link":"https:\/\/hostnetart.com.br\/baixada\/coe-cobra-explicacoes-do-itau-sobre-fechamento-de-agencias-e-punicoes\/","title":{"rendered":"COE cobra explica\u00e7\u00f5es do Ita\u00fa sobre fechamento de ag\u00eancias e puni\u00e7\u00f5es"},"content":{"rendered":"<p>A Comiss\u00e3o de Organiza\u00e7\u00e3o dos Empregados (COE) do Ita\u00fa se reuniu com a dire\u00e7\u00e3o do banco, nesta quarta-feira (24), em S\u00e3o Paulo, para debater emprego, fechamento de ag\u00eancias, realoca\u00e7\u00e3o e distribui\u00e7\u00e3o de funcion\u00e1rios e puni\u00e7\u00f5es referentes \u00e0 falta de certifica\u00e7\u00f5es da Associa\u00e7\u00e3o Brasileira das Entidades dos Mercados Financeiro e de Capitais (Anbima).<\/p>\n<p>O banco apresentou o levantamento do primeiro trimestre de 2024, quando 2.655 trabalhadores foram contratados e 1.861 demitidos. O movimento sindical aponta que as demiss\u00f5es s\u00e3o gerais, mas as contrata\u00e7\u00f5es est\u00e3o muito concentradas na \u00e1rea de Tecnologia da Informa\u00e7\u00e3o (TI). Entre os desligados n\u00e3o est\u00e3o contabilizados os trabalhadores que pediram demiss\u00e3o.<\/p>\n<p>\u201cA terceiriza\u00e7\u00e3o \u00e9 outro problema. O banco est\u00e1 passando por um processo que precisa parar. \u00c9 muito prejudicial aos trabalhadores, pois eles s\u00e3o demitidos e recontratados por outras empresas com sal\u00e1rios e benef\u00edcios inferiores\u201d, afirmou Jair Alves, coordenador da COE Ita\u00fa.<\/p>\n<h3>Fechamento de ag\u00eancias<\/h3>\n<p>O Ita\u00fa informou tamb\u00e9m os n\u00fameros de fechamento de ag\u00eancias. De janeiro a maio de 2024, 127 ag\u00eancias ser\u00e3o encerradas. Dessas, 90 j\u00e1 foram fechadas e 37 est\u00e3o em processo. Dos trabalhadores contidos neste universo (1.775), 93% foram realocados, 1% pediu demiss\u00e3o e 6% foram demitidos. \u201c\u00c9 inadmiss\u00edvel termos um n\u00famero t\u00e3o alarmante em t\u00e3o pouco tempo\u201d, indignou-se Jair, ao relatar que questionou os crit\u00e9rios de escolha das ag\u00eancias fechadas. \u201cEles explicaram que todas as ag\u00eancias pagam suas pr\u00f3prias despesas, e a partir da\u00ed \u00e9 feita a avalia\u00e7\u00e3o\u201d, revelou.<\/p>\n<p>Para ele, \u00e9 preciso ser revisto este m\u00e9todo, pois \u00e9 prejudicial \u00e0 sociedade e aos trabalhadores. \u201cUma ag\u00eancia num munic\u00edpio do Rio de Janeiro, na divisa com Esp\u00edrito Santo, por exemplo, est\u00e1 sendo fechada e a popula\u00e7\u00e3o vai ter que percorrer quase 100 quil\u00f4metros para ter um servi\u00e7o banc\u00e1rio. Os funcion\u00e1rios realocados tamb\u00e9m ter\u00e3o um aumento absurdo no tempo de deslocamento\u201d, completou.<\/p>\n<h3>Anbima<\/h3>\n<p>O movimento sindical cobrou a revis\u00e3o das penalidades que est\u00e3o sendo impostas para os trabalhadores que n\u00e3o conseguiram os certificados necess\u00e1rios. \u201cApenas cerca de 5% dos funcion\u00e1rios do Ita\u00fa n\u00e3o t\u00eam a certifica\u00e7\u00e3o, o que \u00e9 baixo. Por isso, o banco poderia ajudar mais neste processo\u201d, orientou. \u201cO banco cobra que todos tenham certificado, mas t\u00eam muitos funcion\u00e1rios que j\u00e1 os tem e n\u00e3o possuem a carteira comercial\u201d, finalizou. O tema ser\u00e1 aprofundado nos pr\u00f3ximos encontros.<\/p>\n<h3>GERA<\/h3>\n<p>O movimento sindical se comprometeu a apresentar uma proposta de mudan\u00e7as para o banco no programa de remunera\u00e7\u00e3o GERA na pr\u00f3xima reuni\u00e3o, marcada para 5 de junho.<\/p>\n","protected":false},"excerpt":{"rendered":"<p>A Comiss\u00e3o de Organiza\u00e7\u00e3o dos Empregados (COE) do Ita\u00fa se reuniu com a dire\u00e7\u00e3o do banco, nesta quarta-feira (24), em S\u00e3o Paulo, para debater emprego, fechamento de ag\u00eancias, realoca\u00e7\u00e3o e distribui\u00e7\u00e3o de funcion\u00e1rios e puni\u00e7\u00f5es referentes \u00e0 falta de certifica\u00e7\u00f5es da Associa\u00e7\u00e3o Brasileira das Entidades dos Mercados Financeiro e de Capitais (Anbima). O banco apresentou [&hellip;]<\/p>\n","protected":false},"author":2,"featured_media":15232,"comment_status":"","ping_status":"","sticky":false,"template":"","format":"standard","meta":{"footnotes":""},"categories":[3],"tags":[],"class_list":["post-15233","post","type-post","status-publish","format-standard","has-post-thumbnail","hentry","category-noticias"],"_links":{"self":[{"href":"https:\/\/hostnetart.com.br\/baixada\/wp-json\/wp\/v2\/posts\/15233","targetHints":{"allow":["GET"]}}],"collection":[{"href":"https:\/\/hostnetart.com.br\/baixada\/wp-json\/wp\/v2\/posts"}],"about":[{"href":"https:\/\/hostnetart.com.br\/baixada\/wp-json\/wp\/v2\/types\/post"}],"author":[{"embeddable":true,"href":"https:\/\/hostnetart.com.br\/baixada\/wp-json\/wp\/v2\/users\/2"}],"replies":[{"embeddable":true,"href":"https:\/\/hostnetart.com.br\/baixada\/wp-json\/wp\/v2\/comments?post=15233"}],"version-history":[{"count":0,"href":"https:\/\/hostnetart.com.br\/baixada\/wp-json\/wp\/v2\/posts\/15233\/revisions"}],"wp:featuredmedia":[{"embeddable":true,"href":"https:\/\/hostnetart.com.br\/baixada\/wp-json\/wp\/v2\/media\/15232"}],"wp:attachment":[{"href":"https:\/\/hostnetart.com.br\/baixada\/wp-json\/wp\/v2\/media?parent=15233"}],"wp:term":[{"taxonomy":"category","embeddable":true,"href":"https:\/\/hostnetart.com.br\/baixada\/wp-json\/wp\/v2\/categories?post=15233"},{"taxonomy":"post_tag","embeddable":true,"href":"https:\/\/hostnetart.com.br\/baixada\/wp-json\/wp\/v2\/tags?post=15233"}],"curies":[{"name":"wp","href":"https:\/\/api.w.org\/{rel}","templated":true}]}}