{"id":15231,"date":"2024-04-25T16:18:36","date_gmt":"2024-04-25T19:18:36","guid":{"rendered":"https:\/\/hostnetart.com.br\/baixada\/trabalhadores-querem-um-brasil-mais-justo\/"},"modified":"2024-04-25T16:18:36","modified_gmt":"2024-04-25T19:18:36","slug":"trabalhadores-querem-um-brasil-mais-justo","status":"publish","type":"post","link":"https:\/\/hostnetart.com.br\/baixada\/trabalhadores-querem-um-brasil-mais-justo\/","title":{"rendered":"Trabalhadores querem \u201cum Brasil mais justo\u201d"},"content":{"rendered":"<p>Pelo sexto ano consecutivo, a CUT, For\u00e7a Sindical, UGT, CTB, NCST, CSB Intersindical Central da Classe Trabalhadora e P\u00fablica realizar\u00e3o um ato pol\u00edtico nacional unificado no dia 1\u00ba de Maio. As centrais sindicais prometem realizar um dia de celebra\u00e7\u00e3o e reflex\u00e3o sobre o tema \u201cPor um Brasil mais justo\u201d.<\/p>\n<p>Neste ano, a atividade\u00a0<a href=\"https:\/\/contrafcut.com.br\/noticias\/cut-e-centrais-anunciam-1-de-maio-no-itaquerao-em-sao-paulo\" target=\"_blank\" rel=\"noopener noreferrer\">ser\u00e1 no estacionamento Oeste do est\u00e1dio do Corinthians<\/a>, em Itaquera, Zona Leste de S\u00e3o Paulo, com transmiss\u00e3o pelo canal no Youtube e redes sociais das centrais sindicais. A\u00a0<a href=\"https:\/\/www.cut.org.br\/noticias\/com-lula-1-de-maio-unificado-da-cut-e-demais-centrais-sindicais-tera-luta-e-musi-e046\" target=\"_blank\" rel=\"noopener noreferrer\">presen\u00e7a do presidente Lula<\/a>\u00a0no ato est\u00e1 confirmada.<\/p>\n<p>\u201cPor um Brasil mais justo, convido n\u00e3o apenas as banc\u00e1rias e banc\u00e1rios, mas toda a classe trabalhadora a participar das atividades deste 1\u00ba de Maio e cobrar a redu\u00e7\u00e3o da taxa b\u00e1sica de juros, emprego decente,\u00a0<a href=\"https:\/\/www.cut.org.br\/noticias\/corrigir-tabela-do-imposto-de-renda-e-fazer-com-que-o-pais-seja-menos-desigua-4006\" target=\"_blank\" rel=\"noopener noreferrer\">corre\u00e7\u00e3o da tabela do imposto de renda<\/a>, a valoriza\u00e7\u00e3o dos servi\u00e7os e das servidoras e servidores p\u00fablicos, al\u00e9m de igualdade salarial para quem realiza o mesmo trabalho e aposentadoria digna para quem tanto trabalhou para ajudar o pa\u00eds\u201d, disse a presidenta da Confedera\u00e7\u00e3o Nacional dos Trabalhadores do Ramo Financeiro (Contraf-CUT) e vice-presidenta da CUT, Juvandia Moreira, ao mencionar os debates que s\u00e3o propostos pelas centrais sindicais.<\/p>\n<p>Juvandia ressalta que os temas em debate est\u00e3o conectados e se somam \u00e0 luta por justi\u00e7a no pa\u00eds. \u201cPor exemplo, o Brasil possui uma das maiores taxas de juros reais de todo o mundo. Isso\u00a0<a href=\"https:\/\/contrafcut.com.br\/noticias\/selic-cai-para-1075-mas-ainda-prejudica-desempenho-da-economia\" target=\"_blank\" rel=\"noopener noreferrer\">prejudica a economia<\/a>, aumenta o endividamento das fam\u00edlias e do Estado e freia a gera\u00e7\u00e3o de empregos. S\u00f3 os bancos e os especuladores financeiros ganham com as altas taxas de juros. Toda a sociedade \u00e9 prejudicada\u201d, disse.<\/p>\n<h3><strong>Celebra\u00e7\u00e3o e reflex\u00e3o<\/strong><\/h3>\n<p>O ato unificado do 1\u00ba de Maio ter\u00e1 dois momentos: a partir das 10h acontecem as falas de lideran\u00e7as sindicais, representantes do movimento popular, entidades da sociedade civil, parlamentares, lideran\u00e7as partid\u00e1rias, ministros e autoridades do Governo Federal.<\/p>\n<p>Ap\u00f3s o ato pol\u00edtico, come\u00e7a o \u201cFestival Cultura e Direitos\u201d, com apresenta\u00e7\u00f5es art\u00edsticas e musicais, entre elas: Paula Lima, Quesito Melodia, Afonsinho BV, Pagode dos Meninos, Trio da Lua; Na trilha do Xaxado, Taty Dantas, Dexter, Roger Deff, Bateria Show da Gavi\u00f5es da Fiel, Afro-X, Arnaldo Tiffu, Almirzinho, Arlindinho, Ivo Meirelles e Doce Encontro.<\/p>\n<p>Ao longo do dia, ser\u00e3o realizadas a\u00e7\u00f5es de cidadania voltadas \u00e0 sa\u00fade, orienta\u00e7\u00e3o jur\u00eddica, seguran\u00e7a alimentar, meio ambiente e direitos humanos. Tamb\u00e9m haver\u00e1 \u00e1rea para recrea\u00e7\u00e3o infantil.<\/p>\n<h3><strong>Servi\u00e7o<\/strong><\/h3>\n<ul>\n<li>O acesso ser\u00e1 pelo port\u00e3o do estacionamento Oeste;<\/li>\n<li>O p\u00fablico passar\u00e1 por p\u00f3rticos com detectores de metais e revista em bolsas e mochilas;<\/li>\n<li>Ser\u00e1 proibida a entrada de ambulantes no espa\u00e7o reservado ao p\u00fablico;<\/li>\n<li>Ser\u00e1 proibida a entrada de objetos cortantes, perfurantes, r\u00edgidos, fogos de artif\u00edcio, latas, garrafas (inclusive pl\u00e1sticas);<\/li>\n<li>As bebidas vendidas ser\u00e3o servidas diretamente em copos\u00a0<em>(assim como \u00e9 feito em est\u00e1dios de futebol)<\/em>;<\/li>\n<li>N\u00e3o ser\u00e1 permitida bebida alco\u00f3lica dentro do estacionamento.<\/li>\n<\/ul>\n<p><strong>Fonte: Contraf-CUT<\/strong><\/p>\n","protected":false},"excerpt":{"rendered":"<p>Pelo sexto ano consecutivo, a CUT, For\u00e7a Sindical, UGT, CTB, NCST, CSB Intersindical Central da Classe Trabalhadora e P\u00fablica realizar\u00e3o um ato pol\u00edtico nacional unificado no dia 1\u00ba de Maio. As centrais sindicais prometem realizar um dia de celebra\u00e7\u00e3o e reflex\u00e3o sobre o tema \u201cPor um Brasil mais justo\u201d. Neste ano, a atividade\u00a0ser\u00e1 no estacionamento [&hellip;]<\/p>\n","protected":false},"author":2,"featured_media":15230,"comment_status":"","ping_status":"","sticky":false,"template":"","format":"standard","meta":{"footnotes":""},"categories":[3],"tags":[],"class_list":["post-15231","post","type-post","status-publish","format-standard","has-post-thumbnail","hentry","category-noticias"],"_links":{"self":[{"href":"https:\/\/hostnetart.com.br\/baixada\/wp-json\/wp\/v2\/posts\/15231","targetHints":{"allow":["GET"]}}],"collection":[{"href":"https:\/\/hostnetart.com.br\/baixada\/wp-json\/wp\/v2\/posts"}],"about":[{"href":"https:\/\/hostnetart.com.br\/baixada\/wp-json\/wp\/v2\/types\/post"}],"author":[{"embeddable":true,"href":"https:\/\/hostnetart.com.br\/baixada\/wp-json\/wp\/v2\/users\/2"}],"replies":[{"embeddable":true,"href":"https:\/\/hostnetart.com.br\/baixada\/wp-json\/wp\/v2\/comments?post=15231"}],"version-history":[{"count":0,"href":"https:\/\/hostnetart.com.br\/baixada\/wp-json\/wp\/v2\/posts\/15231\/revisions"}],"wp:featuredmedia":[{"embeddable":true,"href":"https:\/\/hostnetart.com.br\/baixada\/wp-json\/wp\/v2\/media\/15230"}],"wp:attachment":[{"href":"https:\/\/hostnetart.com.br\/baixada\/wp-json\/wp\/v2\/media?parent=15231"}],"wp:term":[{"taxonomy":"category","embeddable":true,"href":"https:\/\/hostnetart.com.br\/baixada\/wp-json\/wp\/v2\/categories?post=15231"},{"taxonomy":"post_tag","embeddable":true,"href":"https:\/\/hostnetart.com.br\/baixada\/wp-json\/wp\/v2\/tags?post=15231"}],"curies":[{"name":"wp","href":"https:\/\/api.w.org\/{rel}","templated":true}]}}