{"id":15229,"date":"2024-04-25T16:16:57","date_gmt":"2024-04-25T19:16:57","guid":{"rendered":"https:\/\/hostnetart.com.br\/baixada\/gt-de-saude-do-itau-busca-construir-cartilha-sobre-afastamento\/"},"modified":"2024-04-25T16:16:57","modified_gmt":"2024-04-25T19:16:57","slug":"gt-de-saude-do-itau-busca-construir-cartilha-sobre-afastamento","status":"publish","type":"post","link":"https:\/\/hostnetart.com.br\/baixada\/gt-de-saude-do-itau-busca-construir-cartilha-sobre-afastamento\/","title":{"rendered":"GT de Sa\u00fade do Ita\u00fa busca construir cartilha sobre afastamento"},"content":{"rendered":"<p>Os representantes dos trabalhadores se reuniram com os representantes do Banco Ita\u00fa, na manh\u00e3 desta quarta-feira (24), para discutir a elabora\u00e7\u00e3o de uma cartilha que ofere\u00e7a orienta\u00e7\u00f5es aos trabalhadores que precisam se afastar por motivos de doen\u00e7a ou acidente de trabalho.<\/p>\n<p>A proposta, que tamb\u00e9m est\u00e1 em an\u00e1lise da Federa\u00e7\u00e3o Nacional dos Bancos (Fenaban), visa auxiliar os trabalhadores que se sentem desorientados durante o per\u00edodo de afastamento em rela\u00e7\u00e3o ao banco e ao INSS.<\/p>\n<p>Durante a reuni\u00e3o, o banco acolheu as reivindica\u00e7\u00f5es dos trabalhadores e apresentou um projeto elaborado a partir das discuss\u00f5es do Grupo de Trabalho (GT). Al\u00e9m disso, foi apresentado um novo projeto destinado \u00e0s mulheres que retornam da licen\u00e7a maternidade, o qual prop\u00f5e uma jornada e metas reduzidas durante os primeiros 30 dias. Tamb\u00e9m foi discutido um novo programa denominado Recomece.<\/p>\n<p>Os representantes dos trabalhadores ressaltaram a import\u00e2ncia n\u00e3o s\u00f3 da cria\u00e7\u00e3o da cartilha de orienta\u00e7\u00f5es, mas tamb\u00e9m da necessidade de corrigir problemas encontrados no cadastro de atestados, como os relacionados \u00e0 desconex\u00e3o do IU Conecta durante o afastamento, e aprimorar o acompanhamento dos funcion\u00e1rios que retornam de afastamentos causados por ass\u00e9dio.<\/p>\n<p>\u201cA preven\u00e7\u00e3o \u00e9 crucial, mas diante da diversidade de fatores que levam ao adoecimento e ao afastamento, a constru\u00e7\u00e3o de instrumentos de orienta\u00e7\u00e3o e esclarecimento nos contracheques se torna urgente\u201d, afirmou Luciana Duarte, coordenadora do GT de Sa\u00fade do Ita\u00fa.<\/p>\n<p>Rosangela Lorenzetti, representante da Fetec-SP, destacou que \u201cos avan\u00e7os nas discuss\u00f5es s\u00f3 foram poss\u00edveis devido \u00e0 receptividade do banco \u00e0s demandas apresentadas pelo GT Sa\u00fade\u201d.<\/p>\n<p>Uma nova reuni\u00e3o est\u00e1 agendada de forma virtual, com a proposta de finalizar a cartilha at\u00e9 o dia 05 de junho.<\/p>\n<p><strong>Fonte: Contraf-CUT<\/strong><\/p>\n","protected":false},"excerpt":{"rendered":"<p>Os representantes dos trabalhadores se reuniram com os representantes do Banco Ita\u00fa, na manh\u00e3 desta quarta-feira (24), para discutir a elabora\u00e7\u00e3o de uma cartilha que ofere\u00e7a orienta\u00e7\u00f5es aos trabalhadores que precisam se afastar por motivos de doen\u00e7a ou acidente de trabalho. A proposta, que tamb\u00e9m est\u00e1 em an\u00e1lise da Federa\u00e7\u00e3o Nacional dos Bancos (Fenaban), visa [&hellip;]<\/p>\n","protected":false},"author":2,"featured_media":15228,"comment_status":"","ping_status":"","sticky":false,"template":"","format":"standard","meta":{"footnotes":""},"categories":[3],"tags":[],"class_list":["post-15229","post","type-post","status-publish","format-standard","has-post-thumbnail","hentry","category-noticias"],"_links":{"self":[{"href":"https:\/\/hostnetart.com.br\/baixada\/wp-json\/wp\/v2\/posts\/15229","targetHints":{"allow":["GET"]}}],"collection":[{"href":"https:\/\/hostnetart.com.br\/baixada\/wp-json\/wp\/v2\/posts"}],"about":[{"href":"https:\/\/hostnetart.com.br\/baixada\/wp-json\/wp\/v2\/types\/post"}],"author":[{"embeddable":true,"href":"https:\/\/hostnetart.com.br\/baixada\/wp-json\/wp\/v2\/users\/2"}],"replies":[{"embeddable":true,"href":"https:\/\/hostnetart.com.br\/baixada\/wp-json\/wp\/v2\/comments?post=15229"}],"version-history":[{"count":0,"href":"https:\/\/hostnetart.com.br\/baixada\/wp-json\/wp\/v2\/posts\/15229\/revisions"}],"wp:featuredmedia":[{"embeddable":true,"href":"https:\/\/hostnetart.com.br\/baixada\/wp-json\/wp\/v2\/media\/15228"}],"wp:attachment":[{"href":"https:\/\/hostnetart.com.br\/baixada\/wp-json\/wp\/v2\/media?parent=15229"}],"wp:term":[{"taxonomy":"category","embeddable":true,"href":"https:\/\/hostnetart.com.br\/baixada\/wp-json\/wp\/v2\/categories?post=15229"},{"taxonomy":"post_tag","embeddable":true,"href":"https:\/\/hostnetart.com.br\/baixada\/wp-json\/wp\/v2\/tags?post=15229"}],"curies":[{"name":"wp","href":"https:\/\/api.w.org\/{rel}","templated":true}]}}