{"id":15227,"date":"2024-04-24T15:55:54","date_gmt":"2024-04-24T18:55:54","guid":{"rendered":"https:\/\/hostnetart.com.br\/baixada\/sindicato-presente-no-4-seminario-juridico-nacional-da-contraf-cut-em-sp\/"},"modified":"2024-04-24T15:55:54","modified_gmt":"2024-04-24T18:55:54","slug":"sindicato-presente-no-4-seminario-juridico-nacional-da-contraf-cut-em-sp","status":"publish","type":"post","link":"https:\/\/hostnetart.com.br\/baixada\/sindicato-presente-no-4-seminario-juridico-nacional-da-contraf-cut-em-sp\/","title":{"rendered":"Sindicato presente no 4\u00ba Semin\u00e1rio Jur\u00eddico Nacional da Contraf-CUT em SP"},"content":{"rendered":"<p>Roberto Domingos, Coordenador de Administra\u00e7\u00e3o e Finan\u00e7as do Sindicato dos Banc\u00e1rios da Baixada Fluminense, est\u00e1 participando, nos dias 23 e 24 de abril, do 4\u00ba Semin\u00e1rio Jur\u00eddico Nacional, realizado pela\u00a0Confedera\u00e7\u00e3o Nacional dos Trabalhadores do Ramo Financeiro (Contraf-CUT), em S\u00e3o Paulo, com a presen\u00e7a de representantes de sindicatos de 11 federa\u00e7\u00f5es.<\/p>\n<p>O objetivo do semin\u00e1rio \u00e9 aprofundar a discuss\u00e3o sobre quest\u00f5es de interesse das categorias banc\u00e1ria e financi\u00e1ria.<\/p>\n<p>\u201cCumprindo uma das etapas organizativas da Campanha Nacional dos Banc\u00e1rios, com abordagem de temas relevantes para categoria, como o teletrabalho. E sabendo da dificuldade das negocia\u00e7\u00f5es com os banqueiros, devido a correla\u00e7\u00e3o de for\u00e7as. Precisamos nos mobilizar, organizar e negociar. Mas sempre otimista em rela\u00e7\u00e3o ao processo, mantendo e avan\u00e7ando em rela\u00e7\u00e3o aos nossos diretos.\u201d, declarou Roberto.<\/p>\n<p>Al\u00e9m de Roberto Domingos, pela Federa\u00e7\u00e3o dos Trabalhadores do Ramo Financeiro dos Estados do Rio de Janeiro e Esp\u00edrito Santo (Fetraf RJ\/ES), est\u00e3o participando: Nilton Dami\u00e3o Esperan\u00e7a (Presidente), Joanderson Gomes (Diretor para Assuntos Jur\u00eddicos e Trabalhistas) e Jos\u00e9 Renato (representante na Comiss\u00e3o de Organiza\u00e7\u00e3o dos Empregados do Ita\u00fa).<\/p>\n<p>Nilton Dami\u00e3o destacou a import\u00e2ncia do semin\u00e1rio e das discuss\u00f5es sobre a pandemia, \u201cIsso mostra a import\u00e2ncia de termos discutido e termos implementado, nos bancos, o Teletrabalho e falado sobe a reforma trabalhista. Temos que voltar a discutir o modelo atual do Teletrabalho, que ainda existe, e prestar aten\u00e7\u00e3o desse impacto na categoria banc\u00e1ria.\u201d<\/p>\n<p>O evento, realizado de forma presencial, no audit\u00f3rio da sede da Contraf-CUT, em S\u00e3o Paulo, conta com 98 dirigentes sindicais e assessores da \u00e1rea jur\u00eddica dos sindicatos filiados, ou que fazem parte do Comando Nacional dos Banc\u00e1rios.<\/p>\n<p>\u201cMuito importante esse semin\u00e1rio. E temos que levar para mesa de negocia\u00e7\u00e3o a cobran\u00e7a aos bancos. Falam muito em seguran\u00e7a jur\u00eddica mas, no entanto, tomam atitudes totalmente discut\u00edveis como, por exemplo, o fechamento de ag\u00eancias sem uma pr\u00e9via negocia\u00e7\u00e3o com o movimento sindical, j\u00e1 que possu\u00edmos uma conven\u00e7\u00e3o coletiva. Demitem dirigentes sindicais, transferem de base, colocam funcion\u00e1rios para trabalharem nas ruas, retiram portas de seguran\u00e7a e vigilantes, ou seja, tomam v\u00e1rias atitudes unilaterais, sem consulta. Temos que ser firmes na mesa de negocia\u00e7\u00e3o.\u201d, finalizou Nilton Dami\u00e3o.<\/p>\n<p><strong>CADERNO SOBRE TELETRABALHO<\/strong><\/p>\n<p>A Contraf-CUT tamb\u00e9m lan\u00e7ou, durante o 4\u00ba Semin\u00e1rio Jur\u00eddico Nacional, o caderno \u201cTeletrabalho \u2013 direitos e conquistas da categoria banc\u00e1ria\u201d.<\/p>\n<p>A publica\u00e7\u00e3o re\u00fane todas as informa\u00e7\u00f5es a respeito do trabalho \u00e0 dist\u00e2ncia, como direitos conquistados pelos banc\u00e1rios na Campanha Nacional de 2022, cuidados com a sa\u00fade, conviv\u00eancia entre as pessoas na resid\u00eancia, controle de jornada e respeito \u00e0 desconex\u00e3o, entre tantas outras.<\/p>\n<p>O processo que levou at\u00e9 a constru\u00e7\u00e3o da cartilha come\u00e7ou a partir de duas amplas pesquisas do Departamento Intersindical de Estat\u00edstica e Estudos Socioecon\u00f4micos (Dieese), a pedido do movimento sindical banc\u00e1rio.<\/p>\n<p><a href=\"https:\/\/contrafcut.com.br\/wp-content\/uploads\/2024\/04\/caderno-teletrabalho-final-marco-24-biro.pdf\">Acesse aqui<\/a> o caderno <em>Teletrabalho \u2013 direitos e conquistas da categoria banc\u00e1ria<\/em>.<\/p>\n<p><img fetchpriority=\"high\" decoding=\"async\" class=\"alignnone size-full wp-image-24029\" src=\"https:\/\/fetrafrjes.org.br\/wp-content\/uploads\/2024\/04\/eb99069a-95cc-495a-8934-c243ad071480.jpeg\" sizes=\"(max-width: 1600px) 100vw, 1600px\" srcset=\"https:\/\/fetrafrjes.org.br\/wp-content\/uploads\/2024\/04\/eb99069a-95cc-495a-8934-c243ad071480.jpeg 1600w, https:\/\/fetrafrjes.org.br\/wp-content\/uploads\/2024\/04\/eb99069a-95cc-495a-8934-c243ad071480-600x450.jpeg 600w, https:\/\/fetrafrjes.org.br\/wp-content\/uploads\/2024\/04\/eb99069a-95cc-495a-8934-c243ad071480-1024x768.jpeg 1024w, https:\/\/fetrafrjes.org.br\/wp-content\/uploads\/2024\/04\/eb99069a-95cc-495a-8934-c243ad071480-768x576.jpeg 768w, https:\/\/fetrafrjes.org.br\/wp-content\/uploads\/2024\/04\/eb99069a-95cc-495a-8934-c243ad071480-1536x1152.jpeg 1536w, https:\/\/fetrafrjes.org.br\/wp-content\/uploads\/2024\/04\/eb99069a-95cc-495a-8934-c243ad071480-1200x900.jpeg 1200w\" alt=\"\" width=\"1600\" height=\"1200\" \/><img decoding=\"async\" class=\"alignnone size-full wp-image-24030\" src=\"https:\/\/fetrafrjes.org.br\/wp-content\/uploads\/2024\/04\/037dab04-56b0-4a8e-a7f9-27f3f52e27f1-1.jpeg\" sizes=\"(max-width: 1600px) 100vw, 1600px\" srcset=\"https:\/\/fetrafrjes.org.br\/wp-content\/uploads\/2024\/04\/037dab04-56b0-4a8e-a7f9-27f3f52e27f1-1.jpeg 1600w, https:\/\/fetrafrjes.org.br\/wp-content\/uploads\/2024\/04\/037dab04-56b0-4a8e-a7f9-27f3f52e27f1-1-600x450.jpeg 600w, https:\/\/fetrafrjes.org.br\/wp-content\/uploads\/2024\/04\/037dab04-56b0-4a8e-a7f9-27f3f52e27f1-1-1024x768.jpeg 1024w, https:\/\/fetrafrjes.org.br\/wp-content\/uploads\/2024\/04\/037dab04-56b0-4a8e-a7f9-27f3f52e27f1-1-768x576.jpeg 768w, https:\/\/fetrafrjes.org.br\/wp-content\/uploads\/2024\/04\/037dab04-56b0-4a8e-a7f9-27f3f52e27f1-1-1536x1152.jpeg 1536w, https:\/\/fetrafrjes.org.br\/wp-content\/uploads\/2024\/04\/037dab04-56b0-4a8e-a7f9-27f3f52e27f1-1-1200x900.jpeg 1200w\" alt=\"\" width=\"1600\" height=\"1200\" \/><img decoding=\"async\" class=\"alignnone size-full wp-image-24032\" src=\"https:\/\/fetrafrjes.org.br\/wp-content\/uploads\/2024\/04\/97d3b58d-0333-4f5a-b1ed-2373177b0092-1.jpeg\" sizes=\"(max-width: 702px) 100vw, 702px\" srcset=\"https:\/\/fetrafrjes.org.br\/wp-content\/uploads\/2024\/04\/97d3b58d-0333-4f5a-b1ed-2373177b0092-1.jpeg 702w, https:\/\/fetrafrjes.org.br\/wp-content\/uploads\/2024\/04\/97d3b58d-0333-4f5a-b1ed-2373177b0092-1-371x600.jpeg 371w, https:\/\/fetrafrjes.org.br\/wp-content\/uploads\/2024\/04\/97d3b58d-0333-4f5a-b1ed-2373177b0092-1-634x1024.jpeg 634w\" alt=\"\" width=\"702\" height=\"1134\" \/><img loading=\"lazy\" decoding=\"async\" class=\"alignnone size-full wp-image-24035\" src=\"https:\/\/fetrafrjes.org.br\/wp-content\/uploads\/2024\/04\/bf2c0d1c-51a4-47af-813b-36fd37164df8-1.jpeg\" sizes=\"(max-width: 1600px) 100vw, 1600px\" srcset=\"https:\/\/fetrafrjes.org.br\/wp-content\/uploads\/2024\/04\/bf2c0d1c-51a4-47af-813b-36fd37164df8-1.jpeg 1600w, https:\/\/fetrafrjes.org.br\/wp-content\/uploads\/2024\/04\/bf2c0d1c-51a4-47af-813b-36fd37164df8-1-600x263.jpeg 600w, https:\/\/fetrafrjes.org.br\/wp-content\/uploads\/2024\/04\/bf2c0d1c-51a4-47af-813b-36fd37164df8-1-1024x449.jpeg 1024w, https:\/\/fetrafrjes.org.br\/wp-content\/uploads\/2024\/04\/bf2c0d1c-51a4-47af-813b-36fd37164df8-1-768x337.jpeg 768w, https:\/\/fetrafrjes.org.br\/wp-content\/uploads\/2024\/04\/bf2c0d1c-51a4-47af-813b-36fd37164df8-1-1536x674.jpeg 1536w, https:\/\/fetrafrjes.org.br\/wp-content\/uploads\/2024\/04\/bf2c0d1c-51a4-47af-813b-36fd37164df8-1-1200x527.jpeg 1200w\" alt=\"\" width=\"1600\" height=\"702\" \/><img loading=\"lazy\" decoding=\"async\" class=\"alignnone size-full wp-image-24037\" src=\"https:\/\/fetrafrjes.org.br\/wp-content\/uploads\/2024\/04\/6cdd9a0a-02fa-4387-bc07-88d5b223b2f6-1.jpeg\" sizes=\"(max-width: 1280px) 100vw, 1280px\" srcset=\"https:\/\/fetrafrjes.org.br\/wp-content\/uploads\/2024\/04\/6cdd9a0a-02fa-4387-bc07-88d5b223b2f6-1.jpeg 1280w, https:\/\/fetrafrjes.org.br\/wp-content\/uploads\/2024\/04\/6cdd9a0a-02fa-4387-bc07-88d5b223b2f6-1-600x450.jpeg 600w, https:\/\/fetrafrjes.org.br\/wp-content\/uploads\/2024\/04\/6cdd9a0a-02fa-4387-bc07-88d5b223b2f6-1-1024x768.jpeg 1024w, https:\/\/fetrafrjes.org.br\/wp-content\/uploads\/2024\/04\/6cdd9a0a-02fa-4387-bc07-88d5b223b2f6-1-768x576.jpeg 768w, https:\/\/fetrafrjes.org.br\/wp-content\/uploads\/2024\/04\/6cdd9a0a-02fa-4387-bc07-88d5b223b2f6-1-1200x900.jpeg 1200w\" alt=\"\" width=\"1280\" height=\"960\" \/><\/p>\n<p>*<strong><em>com informa\u00e7\u00f5es da Contraf-CUT e da Fetraf RJ\/ES<\/em><\/strong><\/p>\n","protected":false},"excerpt":{"rendered":"<p>Roberto Domingos, Coordenador de Administra\u00e7\u00e3o e Finan\u00e7as do Sindicato dos Banc\u00e1rios da Baixada Fluminense, est\u00e1 participando, nos dias 23 e 24 de abril, do 4\u00ba Semin\u00e1rio Jur\u00eddico Nacional, realizado pela\u00a0Confedera\u00e7\u00e3o Nacional dos Trabalhadores do Ramo Financeiro (Contraf-CUT), em S\u00e3o Paulo, com a presen\u00e7a de representantes de sindicatos de 11 federa\u00e7\u00f5es. O objetivo do semin\u00e1rio \u00e9 [&hellip;]<\/p>\n","protected":false},"author":2,"featured_media":15226,"comment_status":"","ping_status":"","sticky":false,"template":"","format":"standard","meta":{"footnotes":""},"categories":[3],"tags":[],"class_list":["post-15227","post","type-post","status-publish","format-standard","has-post-thumbnail","hentry","category-noticias"],"_links":{"self":[{"href":"https:\/\/hostnetart.com.br\/baixada\/wp-json\/wp\/v2\/posts\/15227","targetHints":{"allow":["GET"]}}],"collection":[{"href":"https:\/\/hostnetart.com.br\/baixada\/wp-json\/wp\/v2\/posts"}],"about":[{"href":"https:\/\/hostnetart.com.br\/baixada\/wp-json\/wp\/v2\/types\/post"}],"author":[{"embeddable":true,"href":"https:\/\/hostnetart.com.br\/baixada\/wp-json\/wp\/v2\/users\/2"}],"replies":[{"embeddable":true,"href":"https:\/\/hostnetart.com.br\/baixada\/wp-json\/wp\/v2\/comments?post=15227"}],"version-history":[{"count":0,"href":"https:\/\/hostnetart.com.br\/baixada\/wp-json\/wp\/v2\/posts\/15227\/revisions"}],"wp:featuredmedia":[{"embeddable":true,"href":"https:\/\/hostnetart.com.br\/baixada\/wp-json\/wp\/v2\/media\/15226"}],"wp:attachment":[{"href":"https:\/\/hostnetart.com.br\/baixada\/wp-json\/wp\/v2\/media?parent=15227"}],"wp:term":[{"taxonomy":"category","embeddable":true,"href":"https:\/\/hostnetart.com.br\/baixada\/wp-json\/wp\/v2\/categories?post=15227"},{"taxonomy":"post_tag","embeddable":true,"href":"https:\/\/hostnetart.com.br\/baixada\/wp-json\/wp\/v2\/tags?post=15227"}],"curies":[{"name":"wp","href":"https:\/\/api.w.org\/{rel}","templated":true}]}}