{"id":15223,"date":"2024-04-24T15:53:47","date_gmt":"2024-04-24T18:53:47","guid":{"rendered":"https:\/\/hostnetart.com.br\/baixada\/trabalhadores-cobram-reuniao-com-bb-para-debater-salarios-e-metas\/"},"modified":"2024-04-24T15:53:47","modified_gmt":"2024-04-24T18:53:47","slug":"trabalhadores-cobram-reuniao-com-bb-para-debater-salarios-e-metas","status":"publish","type":"post","link":"https:\/\/hostnetart.com.br\/baixada\/trabalhadores-cobram-reuniao-com-bb-para-debater-salarios-e-metas\/","title":{"rendered":"Trabalhadores cobram reuni\u00e3o com BB para debater sal\u00e1rios e metas"},"content":{"rendered":"<\/p>\n<p>A not\u00edcia divulgada pelo portal Uol de que \u201cBB quer aumentar sal\u00e1rio da Presidente para R$ 117 mil; 57% de reajuste\u201d, repercutiu negativamente entre as trabalhadoras e trabalhadores do Banco do Brasil.<\/p>\n<p>\u201cN\u00f3s solicitamos uma reuni\u00e3o, nesta quarta-feira (24), para que o banco apresente respostas aos nossos pedidos sobre Plano de Cargos e Remunera\u00e7\u00e3o e os Planos de Fun\u00e7\u00f5es\u201d, destacou a coordenadora da Comiss\u00e3o de Empresa dos Funcion\u00e1rios do Banco do Brasil (CEBB), Fernanda Lopes.<\/p>\n<p>A representante da CEBB pontuou que foram surpreendidos, pela imprensa, sobre a amplia\u00e7\u00e3o de sal\u00e1rios nos altos cargos. \u201cAinda que tenhamos grande processo de negocia\u00e7\u00e3o com o banco, em nenhum momento essa pauta nos foi apresentada. O que n\u00f3s, trabalhadoras e trabalhadores do BB, queremos saber s\u00e3o as respostas da empresa sobre nossas reivindica\u00e7\u00f5es, como o fim de cobran\u00e7a excessiva de metas, fim do Performa, programa que impactou muito nos sal\u00e1rios e impossibilitou o encarreiramento\u201d, completou.<\/p>\n<p>Os trabalhadores tamb\u00e9m pedem solu\u00e7\u00f5es para as carreiras dos caixas, supervisores de atendimento e gerentes de servi\u00e7os, entre outras pautas que est\u00e3o pendentes por parte do banco. \u201cLembramos que a categoria realizar\u00e1, em junho, um congresso de funcion\u00e1rios, onde todas essas pautas ser\u00e3o debatidas\u201d, observou Fernanda Lopes.<\/p>\n<h3>Papel do BB como banco p\u00fablico<\/h3>\n<p>Nos \u00faltimos anos, o BB vem batendo uma s\u00e9rie de recordes hist\u00f3ricos de lucro. E, o valor alcan\u00e7ado no final de 2023, foi um dos argumentos apontados para o pedido de reajuste para a Assembleia Geral de Acionistas, que atingiria n\u00e3o apenas a presid\u00eancia do BB, mas todo o Conselho Diretor do Banco.<\/p>\n<p>\u201cO movimento sindical banc\u00e1rio entende que basear-se no lucro n\u00e3o \u00e9 sustent\u00e1vel, at\u00e9 mesmo porque o papel de um banco p\u00fablico, como sempre defendemos, n\u00e3o \u00e9 pagar dividendos, mas ter um papel estrat\u00e9gico no desenvolvimento do pa\u00eds, e isso passa pela oferta de cr\u00e9dito mais barato para as fam\u00edlias e empresas, com a manuten\u00e7\u00e3o de taxas e tarifas menores para o p\u00fablico\u201d, concluiu Fernanda Lopes.<\/p>\n<p><strong>Fonte: Contraf-CUT<\/strong><\/p>\n","protected":false},"excerpt":{"rendered":"<p>A not\u00edcia divulgada pelo portal Uol de que \u201cBB quer aumentar sal\u00e1rio da Presidente para R$ 117 mil; 57% de reajuste\u201d, repercutiu negativamente entre as trabalhadoras e trabalhadores do Banco do Brasil. \u201cN\u00f3s solicitamos uma reuni\u00e3o, nesta quarta-feira (24), para que o banco apresente respostas aos nossos pedidos sobre Plano de Cargos e Remunera\u00e7\u00e3o e [&hellip;]<\/p>\n","protected":false},"author":2,"featured_media":15222,"comment_status":"","ping_status":"","sticky":false,"template":"","format":"standard","meta":{"footnotes":""},"categories":[3],"tags":[],"class_list":["post-15223","post","type-post","status-publish","format-standard","has-post-thumbnail","hentry","category-noticias"],"_links":{"self":[{"href":"https:\/\/hostnetart.com.br\/baixada\/wp-json\/wp\/v2\/posts\/15223","targetHints":{"allow":["GET"]}}],"collection":[{"href":"https:\/\/hostnetart.com.br\/baixada\/wp-json\/wp\/v2\/posts"}],"about":[{"href":"https:\/\/hostnetart.com.br\/baixada\/wp-json\/wp\/v2\/types\/post"}],"author":[{"embeddable":true,"href":"https:\/\/hostnetart.com.br\/baixada\/wp-json\/wp\/v2\/users\/2"}],"replies":[{"embeddable":true,"href":"https:\/\/hostnetart.com.br\/baixada\/wp-json\/wp\/v2\/comments?post=15223"}],"version-history":[{"count":0,"href":"https:\/\/hostnetart.com.br\/baixada\/wp-json\/wp\/v2\/posts\/15223\/revisions"}],"wp:featuredmedia":[{"embeddable":true,"href":"https:\/\/hostnetart.com.br\/baixada\/wp-json\/wp\/v2\/media\/15222"}],"wp:attachment":[{"href":"https:\/\/hostnetart.com.br\/baixada\/wp-json\/wp\/v2\/media?parent=15223"}],"wp:term":[{"taxonomy":"category","embeddable":true,"href":"https:\/\/hostnetart.com.br\/baixada\/wp-json\/wp\/v2\/categories?post=15223"},{"taxonomy":"post_tag","embeddable":true,"href":"https:\/\/hostnetart.com.br\/baixada\/wp-json\/wp\/v2\/tags?post=15223"}],"curies":[{"name":"wp","href":"https:\/\/api.w.org\/{rel}","templated":true}]}}