{"id":15221,"date":"2024-04-22T18:04:47","date_gmt":"2024-04-22T21:04:47","guid":{"rendered":"https:\/\/hostnetart.com.br\/baixada\/continuaremos-defendendo-a-funcef-e-os-participantes\/"},"modified":"2024-04-22T18:04:47","modified_gmt":"2024-04-22T21:04:47","slug":"continuaremos-defendendo-a-funcef-e-os-participantes","status":"publish","type":"post","link":"https:\/\/hostnetart.com.br\/baixada\/continuaremos-defendendo-a-funcef-e-os-participantes\/","title":{"rendered":"Continuaremos defendendo a Funcef e os participantes"},"content":{"rendered":"<p>O primeiro turno da vota\u00e7\u00e3o nas elei\u00e7\u00f5es da Funcef se encerrou na sexta-feira (19). Rog\u00e9rio Ant\u00f4nio Vida Gomes foi reeleito com 51,08% dos votos v\u00e1lidos para a diretoria de Administra\u00e7\u00e3o e Controladoria. Marcos Todt e Fabiana Matheus foram eleitos como titular e suplente, respectivamente, para o Conselho Deliberativo, com 57,93% dos votos.<\/p>\n<p>Haver\u00e1 segundo turno para a defini\u00e7\u00e3o do Conselho Fiscal. A disputa ser\u00e1 entre Gilson Tavares (titular) e Paulo Costa (suplente), que obtiveram 33,96% dos votos, contra Fernanda dos Anjos (titular) e \u00c9rico Gomes (suplente), que obtiveram 33,03% dos votos. A vota\u00e7\u00e3o do segundo turno ocorrer\u00e1 de 27 a 30 de abril.<\/p>\n<p>\u201cIndependentemente do resultado, os candidatos que disputaram a elei\u00e7\u00e3o pelo Movimento em Defesa da Funcef s\u00e3o pessoas comprometidas com a defesa dos participantes e da Funcef. Eles continuar\u00e3o nesta batalha\u201d, disse a coordenadora da Comiss\u00e3o Executiva dos Empregados (CEE) da Caixa Econ\u00f4mica Federal, Fabiana Uehara Proscholdt, a Fabi, como \u00e9 conhecida pelos seus colegas de trabalho no banco.<\/p>\n<p>Nas redes sociais, os candidatos do Movimento em Defesa da Funcef, parabenizaram os candidatos que venceram as elei\u00e7\u00f5es no primeiro turno e refor\u00e7aram o \u201ccompromisso inabal\u00e1vel em defesa da representatividade dos verdadeiros donos de seus patrim\u00f4nios, os participantes\u201d e agradeceram os votos recebidos, al\u00e9m de ressaltar o comprometimento com as pautas que apresentaram. \u201cSeguimos avante, na luta para que nossas propostas sejam ouvidas e implementadas, sempre em prol dos participantes.\u201d<\/p>\n<p><b>Fonte: Contraf-CUT<\/b><\/p>\n","protected":false},"excerpt":{"rendered":"<p>O primeiro turno da vota\u00e7\u00e3o nas elei\u00e7\u00f5es da Funcef se encerrou na sexta-feira (19). Rog\u00e9rio Ant\u00f4nio Vida Gomes foi reeleito com 51,08% dos votos v\u00e1lidos para a diretoria de Administra\u00e7\u00e3o e Controladoria. Marcos Todt e Fabiana Matheus foram eleitos como titular e suplente, respectivamente, para o Conselho Deliberativo, com 57,93% dos votos. Haver\u00e1 segundo turno [&hellip;]<\/p>\n","protected":false},"author":2,"featured_media":15220,"comment_status":"","ping_status":"","sticky":false,"template":"","format":"standard","meta":{"footnotes":""},"categories":[3],"tags":[],"class_list":["post-15221","post","type-post","status-publish","format-standard","has-post-thumbnail","hentry","category-noticias"],"_links":{"self":[{"href":"https:\/\/hostnetart.com.br\/baixada\/wp-json\/wp\/v2\/posts\/15221","targetHints":{"allow":["GET"]}}],"collection":[{"href":"https:\/\/hostnetart.com.br\/baixada\/wp-json\/wp\/v2\/posts"}],"about":[{"href":"https:\/\/hostnetart.com.br\/baixada\/wp-json\/wp\/v2\/types\/post"}],"author":[{"embeddable":true,"href":"https:\/\/hostnetart.com.br\/baixada\/wp-json\/wp\/v2\/users\/2"}],"replies":[{"embeddable":true,"href":"https:\/\/hostnetart.com.br\/baixada\/wp-json\/wp\/v2\/comments?post=15221"}],"version-history":[{"count":0,"href":"https:\/\/hostnetart.com.br\/baixada\/wp-json\/wp\/v2\/posts\/15221\/revisions"}],"wp:featuredmedia":[{"embeddable":true,"href":"https:\/\/hostnetart.com.br\/baixada\/wp-json\/wp\/v2\/media\/15220"}],"wp:attachment":[{"href":"https:\/\/hostnetart.com.br\/baixada\/wp-json\/wp\/v2\/media?parent=15221"}],"wp:term":[{"taxonomy":"category","embeddable":true,"href":"https:\/\/hostnetart.com.br\/baixada\/wp-json\/wp\/v2\/categories?post=15221"},{"taxonomy":"post_tag","embeddable":true,"href":"https:\/\/hostnetart.com.br\/baixada\/wp-json\/wp\/v2\/tags?post=15221"}],"curies":[{"name":"wp","href":"https:\/\/api.w.org\/{rel}","templated":true}]}}