{"id":15219,"date":"2024-04-22T18:04:03","date_gmt":"2024-04-22T21:04:03","guid":{"rendered":"https:\/\/hostnetart.com.br\/baixada\/eleicoes-previ-funcionarios-do-bb-tem-ate-dia-26-para-votar\/"},"modified":"2024-04-22T18:04:03","modified_gmt":"2024-04-22T21:04:03","slug":"eleicoes-previ-funcionarios-do-bb-tem-ate-dia-26-para-votar","status":"publish","type":"post","link":"https:\/\/hostnetart.com.br\/baixada\/eleicoes-previ-funcionarios-do-bb-tem-ate-dia-26-para-votar\/","title":{"rendered":"Elei\u00e7\u00f5es Previ: funcion\u00e1rios do BB t\u00eam at\u00e9 dia 26 para votar"},"content":{"rendered":"<\/p>\n<p>As trabalhadoras e trabalhadores do Banco do Brasil, aposentados e da ativa, associados e pensionistas da Previ, t\u00eam at\u00e9 o dia 26 de abril para votar nas elei\u00e7\u00f5es da entidade que, neste ano, definem os ocupantes para o Conselho Diretor, Conselho Fiscal e Diretoria de Seguridade. A Confedera\u00e7\u00e3o Nacional dos Trabalhadores do Ramo Financeiro (Contraf-CUT) e as entidades sindicais, associativas e de aposentados, j\u00e1 manifestaram apoio \u00e0 <strong><a href=\"https:\/\/previparaosassociados.com.br\/\" target=\"_blank\" rel=\"noopener noreferrer\">Chapa 1 \u2013 Previ para os Associados<\/a><\/strong>.<\/p>\n<p>A coordenadora da Comiss\u00e3o de Empresa dos Funcion\u00e1rios do Banco do Brasil (CEBB), Fernanda Lopes, destaca que \u201ca gest\u00e3o atual da Previ, que montou a <strong>Chapa 1<\/strong>\u201c, comprovou a capacidade de gest\u00e3o da entidade. \u201cN\u00f3s pedimos o voto na Chapa 1, porque a gest\u00e3o atual vem mostrando um trabalho transparente e eficiente, comprovados pelos n\u00fameros. Portanto, essa elei\u00e7\u00e3o \u00e9 fundamental para manter e garantir a seguran\u00e7a e o equil\u00edbrio da Previ\u201d, completou.<\/p>\n<p>O Previ Futuro, por exemplo, o plano para os futuros aposentados do BB, rentabilizou 171,6%, em 10 anos, contra 160,6% da previd\u00eancia fechada. J\u00e1 o Plano 1, dos atuais aposentados, rentabilizou 161,5% na \u00faltima d\u00e9cada. Em 2023, o Previ Futuro fechou com rentabilidade de 16,1% ao ano, quase o dobro da meta refer\u00eancia de 8,5%. J\u00e1 o Plano 1 terminou o ano com o maior super\u00e1vit acumulado, em rela\u00e7\u00e3o \u00e0 \u00faltima d\u00e9cada: <a href=\"https:\/\/economia.uol.com.br\/noticias\/estadao-conteudo\/2024\/03\/07\/previ-plano-1-tem-superavit-acumulado-de-r-145-bi-em-2023-com-rentabilidade-de-135-aa.htm\" target=\"_blank\" rel=\"noopener noreferrer\">R$ 14,5 bilh\u00f5es<\/a>.<\/p>\n<p>O atual diretor eleito de Seguridade da Previ e candidato \u00e0 reelei\u00e7\u00e3o pela Chapa 1, Wagner Nascimento, destaca que \u201ca participa\u00e7\u00e3o dos funcion\u00e1rios e funcion\u00e1rias do BB na gest\u00e3o da entidade, atrav\u00e9s das elei\u00e7\u00f5es\u201d, \u00e9 o que vem garantindo, na Previ, seguran\u00e7a e resultados bem superiores \u00e0 m\u00e9dia do mercado.<\/p>\n<p>\u201cO modelo de gest\u00e3o da Previ \u00e9 refer\u00eancia at\u00e9 mesmo para outros fundos do sistema de previd\u00eancia complementar, porque tem a participa\u00e7\u00e3o dos associados, nas diretorias e conselhos. Como n\u00f3s sempre repetimos: o olhar do dono sobre o patrim\u00f4nio \u00e9 o nosso valor fundamental\u201d, completou.<\/p>\n<h3>Quem pode participar e como votar<\/h3>\n<p>Participantes e assistidos, maiores de 18 anos, inscritos nos planos de benef\u00edcios da Previ at\u00e9 o dia 31 de janeiro deste ano, podem participar das vota\u00e7\u00f5es.<\/p>\n<p>O voto pode ser feito nas seguintes plataformas: site da Previ, aplicativo (app) da Previ no celular, terminais de autoatendimento (TAA) ou SISBB (este, exclusivo para funcion\u00e1rios da ativa).<\/p>\n<p>Para votar no site da entidade, acesse: <a href=\"https:\/\/votacao.previ.com.br\/votacaoweb\/\" target=\"_blank\" rel=\"noopener noreferrer\">https:\/\/votacao.previ.com.br\/votacaoweb\/<\/a><\/p>\n<p><strong>Fonte: Contraf-CUT<\/strong><\/p>\n","protected":false},"excerpt":{"rendered":"<p>As trabalhadoras e trabalhadores do Banco do Brasil, aposentados e da ativa, associados e pensionistas da Previ, t\u00eam at\u00e9 o dia 26 de abril para votar nas elei\u00e7\u00f5es da entidade que, neste ano, definem os ocupantes para o Conselho Diretor, Conselho Fiscal e Diretoria de Seguridade. A Confedera\u00e7\u00e3o Nacional dos Trabalhadores do Ramo Financeiro (Contraf-CUT) [&hellip;]<\/p>\n","protected":false},"author":2,"featured_media":15218,"comment_status":"","ping_status":"","sticky":false,"template":"","format":"standard","meta":{"footnotes":""},"categories":[3],"tags":[],"class_list":["post-15219","post","type-post","status-publish","format-standard","has-post-thumbnail","hentry","category-noticias"],"_links":{"self":[{"href":"https:\/\/hostnetart.com.br\/baixada\/wp-json\/wp\/v2\/posts\/15219","targetHints":{"allow":["GET"]}}],"collection":[{"href":"https:\/\/hostnetart.com.br\/baixada\/wp-json\/wp\/v2\/posts"}],"about":[{"href":"https:\/\/hostnetart.com.br\/baixada\/wp-json\/wp\/v2\/types\/post"}],"author":[{"embeddable":true,"href":"https:\/\/hostnetart.com.br\/baixada\/wp-json\/wp\/v2\/users\/2"}],"replies":[{"embeddable":true,"href":"https:\/\/hostnetart.com.br\/baixada\/wp-json\/wp\/v2\/comments?post=15219"}],"version-history":[{"count":0,"href":"https:\/\/hostnetart.com.br\/baixada\/wp-json\/wp\/v2\/posts\/15219\/revisions"}],"wp:featuredmedia":[{"embeddable":true,"href":"https:\/\/hostnetart.com.br\/baixada\/wp-json\/wp\/v2\/media\/15218"}],"wp:attachment":[{"href":"https:\/\/hostnetart.com.br\/baixada\/wp-json\/wp\/v2\/media?parent=15219"}],"wp:term":[{"taxonomy":"category","embeddable":true,"href":"https:\/\/hostnetart.com.br\/baixada\/wp-json\/wp\/v2\/categories?post=15219"},{"taxonomy":"post_tag","embeddable":true,"href":"https:\/\/hostnetart.com.br\/baixada\/wp-json\/wp\/v2\/tags?post=15219"}],"curies":[{"name":"wp","href":"https:\/\/api.w.org\/{rel}","templated":true}]}}