{"id":15217,"date":"2024-04-19T14:06:43","date_gmt":"2024-04-19T17:06:43","guid":{"rendered":"https:\/\/hostnetart.com.br\/baixada\/enafor-debate-como-evitar-avanco-do-autoritarismo\/"},"modified":"2024-04-19T14:06:43","modified_gmt":"2024-04-19T17:06:43","slug":"enafor-debate-como-evitar-avanco-do-autoritarismo","status":"publish","type":"post","link":"https:\/\/hostnetart.com.br\/baixada\/enafor-debate-como-evitar-avanco-do-autoritarismo\/","title":{"rendered":"Enafor debate como evitar avan\u00e7o do autoritarismo"},"content":{"rendered":"<p>O Encontro Nacional de Forma\u00e7\u00e3o da CUT (Enafor) concentrou grande parte de suas discuss\u00f5es em como combater o crescimento do autoritarismo e da extrema direita e como enfrentar os desafios para ampliar a defesa da democracia e do estado de direito.<\/p>\n<p>O evento, que tem apoio da organiza\u00e7\u00e3o DGB Bildungswerk e ocorre na Praia Grande, litoral sul de S\u00e3o Paulo, teve a participa\u00e7\u00e3o da presidenta da Confedera\u00e7\u00e3o Nacional dos Trabalhadores do Ramo Financeiro (Contraf-CUT), Juvandia Moreira, e do jurista Pedro Serrano, al\u00e9m de mais de 100 sindicalistas de todas as regi\u00f5es do Brasil.<\/p>\n<p>Da abertura, na segunda (15), at\u00e9 a quarta-feira (17), as aten\u00e7\u00f5es foram voltadas \u00e0 constru\u00e7\u00e3o do plano de lutas da Central na \u00e1rea de forma\u00e7\u00e3o. No entanto, as atividades ainda seguem at\u00e9 esta sexta-feira (19), com oficinas pedag\u00f3gicas.<\/p>\n<p>Com o tema \u201cEsperan\u00e7ar: forma\u00e7\u00e3o, organiza\u00e7\u00e3o e mobiliza\u00e7\u00e3o para as novas formas do mundo do Trabalho\u201d,\u00a0o encontro tamb\u00e9m se dedicou ao mote \u201cEduca\u00e7\u00e3o, organiza\u00e7\u00e3o e a\u00e7\u00e3o para as novas estruturas de trabalho no Brasil\u201d, al\u00e9m de discutir a necessidade de investimento na forma\u00e7\u00e3o sindical ap\u00f3s o recrudescimento da extrema direita e do \u00f3dio no pa\u00eds.<\/p>\n<p>Em sua palestra, o jurista e professor de direito constitucional Pedro Serrano falou do autoritarismo, que cresce ao redor do mundo. Para o jurista, o processo tem se dado a partir de \u201cmedidas autorit\u00e1rias no interior do regime democr\u00e1tico, que v\u00eam com apar\u00eancia de legalidade e de normalidade democr\u00e1tica, mas que no seu conte\u00fado material s\u00e3o medidas tir\u00e2nicas de a\u00e7\u00e3o pol\u00edtica contra o inimigo\u201d.<\/p>\n<p>De acordo com Serrano, o regime de exce\u00e7\u00e3o se iniciou no Brasil nos anos 1990 e se aprofundou a partir de 2016, com o golpe contra Dilma Rousseff (PT) e com o governo de Bolsonaro (PL), a partir de 2019. \u201cNos anos 1990 come\u00e7a a se desenvolver um estado de exce\u00e7\u00e3o, com apar\u00eancia de processo penal leg\u00edtimo, juridicamente democr\u00e1tico\u201d, afirmou.<\/p>\n<h3><strong>Contra\u00a0<em>fake news<\/em><\/strong><\/h3>\n<p>Juvandia, que tamb\u00e9m \u00e9 vice-presidenta da CUT, observou que o crescimento da extrema direita em todo mundo \u00e9 estrutural e que, por isso, \u00e9 necess\u00e1rio entender as raz\u00f5es de seu crescimento. A dirigente tamb\u00e9m defendeu intenso combate a\u00a0<em>fake news<\/em>, que \u00e9 largamente usado por esse setor radical.<\/p>\n<p>O exemplo usado por ela foi o\u00a0<a href=\"https:\/\/contrafcut.com.br\/noticias\/cut-rebate-fake-news-sobre-projeto-de-lei-que-regula-trabalho-de-motoristas-de-aplicativos\/\" target=\"_blank\" rel=\"noopener noreferrer\">projeto de lei que regula o trabalho dos motoristas de aplicativos<\/a>.\u00a0\u201cA extrema direita pegou essa negocia\u00e7\u00e3o e resolveu atacar, usando dois pilares; logo que foi divulgado o processo de negocia\u00e7\u00e3o, eles ficaram tr\u00eas dias nos assuntos mais falados do Twitter; ent\u00e3o, atacaram os sindicatos\u201d, lembrou.<\/p>\n<p>Juvandia tamb\u00e9m ressaltou a import\u00e2ncia do Enafor e da pol\u00edtica de forma\u00e7\u00e3o dentro do movimento sindical. \u201cPara entrar no sindicato, a gente tem que passar pelos cursos de forma\u00e7\u00e3o, \u00e9 um requisito para se tornar dirigente sindical. A forma\u00e7\u00e3o cumpre o papel de fazer a gente refletir sobre o mundo, entender o passado, compreender o momento em que a gente est\u00e1 e pensar o futuro\u201d, concluiu.<\/p>\n<h3><strong>Papel da forma\u00e7\u00e3o<\/strong><\/h3>\n<p>O Enafor \u00e9 tradicionalmente realizado ap\u00f3s o Congresso Nacional da CUT (Concut), para o debate de projetos e programas pedag\u00f3gicos para a Central nos pr\u00f3ximos quatro anos. A extensa programa\u00e7\u00e3o incluiu ainda oficinas e palestras, com a participa\u00e7\u00e3o da equipe nacional de forma\u00e7\u00e3o e coordenadores e coordenadoras das escolas sindicais.<\/p>\n<p>A secret\u00e1ria Nacional de Forma\u00e7\u00e3o da CUT, Rosane Bertotti, destacou a import\u00e2ncia da diversidade do evento e ressaltou que a forma\u00e7\u00e3o est\u00e1 ligada \u00e0 a\u00e7\u00e3o e \u00e0 estrat\u00e9gia de luta da classe trabalhadora. \u201cTemos uma diversidade muito grande, e ela \u00e9 linda nesse sentido de ampliar o processo de forma\u00e7\u00e3o sindical\u201d, disse.<\/p>\n<h3><strong>Diretrizes essenciais<\/strong><\/h3>\n<p>O secret\u00e1rio de Forma\u00e7\u00e3o da Contraf-CUT, Rafael Zanon, que tamb\u00e9m participou das atividades, comemorou que o encontro tenha tido \u201ca participa\u00e7\u00e3o de toda a rede de forma\u00e7\u00e3o da nossa Central, com as secretarias de forma\u00e7\u00e3o dos ramos e das CUTs estaduais, al\u00e9m das escolas de forma\u00e7\u00e3o sindical da entidade\u201d.<\/p>\n<p>Como relatou Zanon, \u201ccom essa presen\u00e7a t\u00e3o representativa, foram desenvolvidos debates fundamentais, como o papel da educa\u00e7\u00e3o neste novo momento da estrutura\u00e7\u00e3o do trabalho que vivemos, em que est\u00e3o surgindo novas modalidades de trabalho, como o dos motoristas de aplicativos\u201d.<\/p>\n<p>Zanon tamb\u00e9m destacou que \u201ca elabora\u00e7\u00e3o do plano de luta da \u00e1rea de forma\u00e7\u00e3o da CUT, que tra\u00e7a diretrizes essenciais para setores ligados ao tema das entidades sindicais, como a pr\u00f3pria Contraf-CUT\u201d.<\/p>\n<p><strong>Fonte:\u00a0<a href=\"https:\/\/www.cut.org.br\/noticias\/enafor-debate-acoes-para-evitar-avanco-do-autoritarismo-e-da-extrema-direita-8159\" target=\"_blank\" rel=\"noopener noreferrer\">portal da CUT<\/a>\u00a0e Contraf-CUT<\/strong><\/p>\n","protected":false},"excerpt":{"rendered":"<p>O Encontro Nacional de Forma\u00e7\u00e3o da CUT (Enafor) concentrou grande parte de suas discuss\u00f5es em como combater o crescimento do autoritarismo e da extrema direita e como enfrentar os desafios para ampliar a defesa da democracia e do estado de direito. O evento, que tem apoio da organiza\u00e7\u00e3o DGB Bildungswerk e ocorre na Praia Grande, [&hellip;]<\/p>\n","protected":false},"author":2,"featured_media":15216,"comment_status":"","ping_status":"","sticky":false,"template":"","format":"standard","meta":{"footnotes":""},"categories":[3],"tags":[],"class_list":["post-15217","post","type-post","status-publish","format-standard","has-post-thumbnail","hentry","category-noticias"],"_links":{"self":[{"href":"https:\/\/hostnetart.com.br\/baixada\/wp-json\/wp\/v2\/posts\/15217","targetHints":{"allow":["GET"]}}],"collection":[{"href":"https:\/\/hostnetart.com.br\/baixada\/wp-json\/wp\/v2\/posts"}],"about":[{"href":"https:\/\/hostnetart.com.br\/baixada\/wp-json\/wp\/v2\/types\/post"}],"author":[{"embeddable":true,"href":"https:\/\/hostnetart.com.br\/baixada\/wp-json\/wp\/v2\/users\/2"}],"replies":[{"embeddable":true,"href":"https:\/\/hostnetart.com.br\/baixada\/wp-json\/wp\/v2\/comments?post=15217"}],"version-history":[{"count":0,"href":"https:\/\/hostnetart.com.br\/baixada\/wp-json\/wp\/v2\/posts\/15217\/revisions"}],"wp:featuredmedia":[{"embeddable":true,"href":"https:\/\/hostnetart.com.br\/baixada\/wp-json\/wp\/v2\/media\/15216"}],"wp:attachment":[{"href":"https:\/\/hostnetart.com.br\/baixada\/wp-json\/wp\/v2\/media?parent=15217"}],"wp:term":[{"taxonomy":"category","embeddable":true,"href":"https:\/\/hostnetart.com.br\/baixada\/wp-json\/wp\/v2\/categories?post=15217"},{"taxonomy":"post_tag","embeddable":true,"href":"https:\/\/hostnetart.com.br\/baixada\/wp-json\/wp\/v2\/tags?post=15217"}],"curies":[{"name":"wp","href":"https:\/\/api.w.org\/{rel}","templated":true}]}}