{"id":15213,"date":"2024-04-18T12:52:44","date_gmt":"2024-04-18T15:52:44","guid":{"rendered":"https:\/\/hostnetart.com.br\/baixada\/26-conferencia-interestadual-da-fetraf-rjes-ocorre-18-de-maio-em-guarapari\/"},"modified":"2024-04-18T12:52:44","modified_gmt":"2024-04-18T15:52:44","slug":"26-conferencia-interestadual-da-fetraf-rjes-ocorre-18-de-maio-em-guarapari","status":"publish","type":"post","link":"https:\/\/hostnetart.com.br\/baixada\/26-conferencia-interestadual-da-fetraf-rjes-ocorre-18-de-maio-em-guarapari\/","title":{"rendered":"26\u00aa Confer\u00eancia Interestadual da Fetraf RJES ocorre 18 de maio em Guarapari"},"content":{"rendered":"<\/p>\n<div>\n<p>A Federac\u0327a\u0303o dos Trabalhadores do Ramo Financeiro dos Estados do Rio de Janeiro e Espi\u0301rito Santo (<strong>Fetraf RJ\/ES<\/strong>), que representa os Sindicatos dos Banc\u00e1rios de\u00a0<strong>Angra dos Reis e Regi\u00e3o, Baixada Fluminense, Esp\u00edrito Santo, Itaperuna e Regi\u00e3o, Maca\u00e9 e Regi\u00e3o, Nova Friburgo e Regi\u00e3o e Tr\u00eas Rios e Regi\u00e3o<\/strong>, realizar\u00e1 a\u00a0<strong>26\u00aa Confer\u00eancia Interestadual dos Trabalhadores e Trabalhadoras as do Ramo Financeiro dos Estados do Rio de Janeiro e Esp\u00edrito Santo\u00a0<\/strong>no dia\u00a0<strong>18 de maio<\/strong>, no <strong>SESC Guarapari<\/strong>, no Esp\u00edrito Santo.<\/p>\n<p>O evento ser\u00e1 presencial ir\u00e1 ocorrer das 10 horas \u00e0s 17 horas, e podem participar: os banc\u00e1rios e banc\u00e1rias da ativa; e os aposentados e aposentadas de bancos p\u00fablicos e privados dos munic\u00edpios que comp\u00f5em as bases dos Sindicatos filiados \u00e0 Federa\u00e7\u00e3o, com direito a voz e voto.<\/p>\n<p><strong>CONVIDADOS<\/strong><\/p>\n<p>O evento contar\u00e1 com a participa\u00e7\u00e3o de\u00a0<strong>C\u00e1tia Uehara\u00a0<\/strong>(Economista e T\u00e9cnica do DIEESE-SP),\u00a0<strong>Fabiana Uehara\u00a0<\/strong>(Conselho Administrativo da Caixa) e\u00a0<strong>Dr. Thiago Drumond Moraes\u00a0<\/strong>(Professor da UFES).<\/p>\n<\/div>\n<div>\n<p><strong>PARTICIPE!<\/strong><\/p>\n<\/div>\n","protected":false},"excerpt":{"rendered":"<p>A Federac\u0327a\u0303o dos Trabalhadores do Ramo Financeiro dos Estados do Rio de Janeiro e Espi\u0301rito Santo (Fetraf RJ\/ES), que representa os Sindicatos dos Banc\u00e1rios de\u00a0Angra dos Reis e Regi\u00e3o, Baixada Fluminense, Esp\u00edrito Santo, Itaperuna e Regi\u00e3o, Maca\u00e9 e Regi\u00e3o, Nova Friburgo e Regi\u00e3o e Tr\u00eas Rios e Regi\u00e3o, realizar\u00e1 a\u00a026\u00aa Confer\u00eancia Interestadual dos Trabalhadores e [&hellip;]<\/p>\n","protected":false},"author":2,"featured_media":15212,"comment_status":"","ping_status":"","sticky":false,"template":"","format":"standard","meta":{"footnotes":""},"categories":[3],"tags":[],"class_list":["post-15213","post","type-post","status-publish","format-standard","has-post-thumbnail","hentry","category-noticias"],"_links":{"self":[{"href":"https:\/\/hostnetart.com.br\/baixada\/wp-json\/wp\/v2\/posts\/15213","targetHints":{"allow":["GET"]}}],"collection":[{"href":"https:\/\/hostnetart.com.br\/baixada\/wp-json\/wp\/v2\/posts"}],"about":[{"href":"https:\/\/hostnetart.com.br\/baixada\/wp-json\/wp\/v2\/types\/post"}],"author":[{"embeddable":true,"href":"https:\/\/hostnetart.com.br\/baixada\/wp-json\/wp\/v2\/users\/2"}],"replies":[{"embeddable":true,"href":"https:\/\/hostnetart.com.br\/baixada\/wp-json\/wp\/v2\/comments?post=15213"}],"version-history":[{"count":0,"href":"https:\/\/hostnetart.com.br\/baixada\/wp-json\/wp\/v2\/posts\/15213\/revisions"}],"wp:featuredmedia":[{"embeddable":true,"href":"https:\/\/hostnetart.com.br\/baixada\/wp-json\/wp\/v2\/media\/15212"}],"wp:attachment":[{"href":"https:\/\/hostnetart.com.br\/baixada\/wp-json\/wp\/v2\/media?parent=15213"}],"wp:term":[{"taxonomy":"category","embeddable":true,"href":"https:\/\/hostnetart.com.br\/baixada\/wp-json\/wp\/v2\/categories?post=15213"},{"taxonomy":"post_tag","embeddable":true,"href":"https:\/\/hostnetart.com.br\/baixada\/wp-json\/wp\/v2\/tags?post=15213"}],"curies":[{"name":"wp","href":"https:\/\/api.w.org\/{rel}","templated":true}]}}