{"id":15211,"date":"2024-04-18T12:50:02","date_gmt":"2024-04-18T15:50:02","guid":{"rendered":"https:\/\/hostnetart.com.br\/baixada\/diz-ai-bancario-o-que-voce-quer-para-a-campanha-deste-ano\/"},"modified":"2024-04-18T12:50:02","modified_gmt":"2024-04-18T15:50:02","slug":"diz-ai-bancario-o-que-voce-quer-para-a-campanha-deste-ano","status":"publish","type":"post","link":"https:\/\/hostnetart.com.br\/baixada\/diz-ai-bancario-o-que-voce-quer-para-a-campanha-deste-ano\/","title":{"rendered":"Diz a\u00ed banc\u00e1rio! O que voc\u00ea quer para a campanha deste ano?"},"content":{"rendered":"<p>\u00a0<\/p>\n<p>Sindicatos de banc\u00e1rios de todo o pa\u00eds iniciam nesta quarta-feira (17) o processo de consulta \u00e0 categoria sobre as prioridades para a Campanha Nacional.<\/p>\n<p>Todas as banc\u00e1rias e banc\u00e1rios, mesmo que n\u00e3o sejam filiados, podem responder ao question\u00e1rio e apontar quais devem ser, em sua opini\u00e3o, as prioridades da campanha no que se refere \u00e0 remunera\u00e7\u00e3o, quest\u00f5es sociais, sa\u00fade e condi\u00e7\u00f5es de trabalho entre outros pontos.<\/p>\n<p>A presidenta da Confedera\u00e7\u00e3o Nacional dos Trabalhadores do Ramo Financeiro (Contraf-CUT) e coordenadora do Comando Nacional dos Banc\u00e1rios, Juvandia Moreira, ressalta a import\u00e2ncia de haver um grande n\u00famero de participantes. \u201cQuanto maior o n\u00famero de respostas obtivermos, mais pr\u00f3ximo chegaremos do real desejo da categoria. Por isso, \u00e9 importante que os sindicatos se empenhem na divulga\u00e7\u00e3o e coleta de respostas\u201d, disse.<\/p>\n<p>Uma das novidades da consulta deste ano, \u00e9 uma pergunta para avaliar o endividamento e a inadimpl\u00eancia da categoria. \u201cOs dados apontam que, no encerramento de 2023, 77,8% das fam\u00edlias possu\u00edam d\u00edvidas e 29,5% possu\u00edam d\u00edvidas em atraso. Queremos apurar o cen\u00e1rio na categoria banc\u00e1ria, para tentar encontrar solu\u00e7\u00e3o para o problema\u201d, explicou a presidenta da Contraf-CUT.<\/p>\n<p>Para facilitar a participa\u00e7\u00e3o, foi disponibilizado um sistema de resposta eletr\u00f4nica pela internet, que estar\u00e1 dispon\u00edvel at\u00e9 o dia 2 de junho. Para responder, basta acessar o link <a href=\"https:\/\/consultabancarios2024.votabem.com.br\/\" target=\"_blank\" rel=\"noopener noreferrer\">https:\/\/consultabancarios2024.votabem.com.br\/<\/a>.<\/p>\n<p>Para responder ao question\u00e1rio, as banc\u00e1rias e banc\u00e1rios desta base sindical devem acessar o site da entidade para obter as orienta\u00e7\u00f5es espec\u00edficas e ter acesso ao link.<\/p>\n<p>O formul\u00e1rio impresso deve ser respondido e entregue ao representante sindical.<\/p>\n<h3><strong>Minuta de reivindica\u00e7\u00f5es<\/strong><\/h3>\n<p>As respostas da consulta ser\u00e3o compiladas e se somar\u00e3o \u00e0s resolu\u00e7\u00f5es das confer\u00eancias estaduais e regionais, al\u00e9m daquelas definidas nos encontros nacionais espec\u00edficos dos trabalhadores de bancos p\u00fablicos e de bancos privados, para serem debatidas na Confer\u00eancia Nacional dos Banc\u00e1rios, que ser\u00e1 realizada nos dias 7 a 9 de junho e ter\u00e1 como principal tarefa a defini\u00e7\u00e3o da pauta de reivindica\u00e7\u00f5es da categoria.<\/p>\n<p>Logo ap\u00f3s ser aprovada em assembleias a serem realizadas por sindicatos de banc\u00e1rios de todo o pa\u00eds, a minuta ser\u00e1 entregue \u00e0 Federa\u00e7\u00e3o Nacional dos Bancos (Fenaban) para dar in\u00edcio \u00e0s negocia\u00e7\u00f5es da Campanha Nacional. O objetivo \u00e9 renovar a Conven\u00e7\u00e3o Coletiva de Trabalho (CCT) da categoria e os Acordos Coletivos de Trabalho (ACTs) espec\u00edficos dos bancos, uma vez que as vig\u00eancias dos mesmos se encerram no dia 31 de agosto. A data-base da categoria \u00e9 1\u00ba de setembro.<\/p>\n<p><b>Fonte: Contraf-CUT<\/b><\/p>\n","protected":false},"excerpt":{"rendered":"<p>\u00a0 Sindicatos de banc\u00e1rios de todo o pa\u00eds iniciam nesta quarta-feira (17) o processo de consulta \u00e0 categoria sobre as prioridades para a Campanha Nacional. Todas as banc\u00e1rias e banc\u00e1rios, mesmo que n\u00e3o sejam filiados, podem responder ao question\u00e1rio e apontar quais devem ser, em sua opini\u00e3o, as prioridades da campanha no que se refere [&hellip;]<\/p>\n","protected":false},"author":2,"featured_media":15210,"comment_status":"","ping_status":"","sticky":false,"template":"","format":"standard","meta":{"footnotes":""},"categories":[3],"tags":[],"class_list":["post-15211","post","type-post","status-publish","format-standard","has-post-thumbnail","hentry","category-noticias"],"_links":{"self":[{"href":"https:\/\/hostnetart.com.br\/baixada\/wp-json\/wp\/v2\/posts\/15211","targetHints":{"allow":["GET"]}}],"collection":[{"href":"https:\/\/hostnetart.com.br\/baixada\/wp-json\/wp\/v2\/posts"}],"about":[{"href":"https:\/\/hostnetart.com.br\/baixada\/wp-json\/wp\/v2\/types\/post"}],"author":[{"embeddable":true,"href":"https:\/\/hostnetart.com.br\/baixada\/wp-json\/wp\/v2\/users\/2"}],"replies":[{"embeddable":true,"href":"https:\/\/hostnetart.com.br\/baixada\/wp-json\/wp\/v2\/comments?post=15211"}],"version-history":[{"count":0,"href":"https:\/\/hostnetart.com.br\/baixada\/wp-json\/wp\/v2\/posts\/15211\/revisions"}],"wp:featuredmedia":[{"embeddable":true,"href":"https:\/\/hostnetart.com.br\/baixada\/wp-json\/wp\/v2\/media\/15210"}],"wp:attachment":[{"href":"https:\/\/hostnetart.com.br\/baixada\/wp-json\/wp\/v2\/media?parent=15211"}],"wp:term":[{"taxonomy":"category","embeddable":true,"href":"https:\/\/hostnetart.com.br\/baixada\/wp-json\/wp\/v2\/categories?post=15211"},{"taxonomy":"post_tag","embeddable":true,"href":"https:\/\/hostnetart.com.br\/baixada\/wp-json\/wp\/v2\/tags?post=15211"}],"curies":[{"name":"wp","href":"https:\/\/api.w.org\/{rel}","templated":true}]}}