{"id":15207,"date":"2024-04-17T15:56:25","date_gmt":"2024-04-17T18:56:25","guid":{"rendered":"https:\/\/hostnetart.com.br\/baixada\/economia-para-transformacao-social-terceiro-modulo-do-curso-ocorre-na-terca-23\/"},"modified":"2024-04-17T15:56:25","modified_gmt":"2024-04-17T18:56:25","slug":"economia-para-transformacao-social-terceiro-modulo-do-curso-ocorre-na-terca-23","status":"publish","type":"post","link":"https:\/\/hostnetart.com.br\/baixada\/economia-para-transformacao-social-terceiro-modulo-do-curso-ocorre-na-terca-23\/","title":{"rendered":"Economia para Transforma\u00e7\u00e3o Social: terceiro m\u00f3dulo do curso ocorre na ter\u00e7a (23)"},"content":{"rendered":"<p>O terceiro m\u00f3dulo do curso Economia para a Transforma\u00e7\u00e3o Social ocorre na pr\u00f3xima ter\u00e7a-feira (23). O evento, organizado pela Secretaria de Forma\u00e7\u00e3o da Confedera\u00e7\u00e3o Nacional dos Trabalhadores do Ramo Financeiro (Contraf-CUT), ser\u00e1 realizado na modalidade remota, das 19 horas \u00e0s 22 horas.<\/p>\n<p>O p\u00fablico-alvo do programa s\u00e3o dirigentes sindicais banc\u00e1rios e de outras entidades filiadas \u00e0 CUT, como tamb\u00e9m suas assessorias. Os temas desse terceiro m\u00f3dulo ser\u00e3o \u201cExcesso de gastos e o pa\u00eds quebrado\u201d, \u201cOs mitos sobre a infla\u00e7\u00e3o\u201d e \u201cO mito da meritocracia\u201d.<\/p>\n<p>Participantes dos m\u00f3dulos anteriores n\u00e3o precisam fazer inscri\u00e7\u00e3o. Para quem n\u00e3o participou, as inscri\u00e7\u00f5es est\u00e3o reabertas. As orienta\u00e7\u00f5es sobre as inscri\u00e7\u00f5es foram enviadas para as secretarias-gerais das entidades sindicais. Ap\u00f3s o pedido, os novos inscritos receber\u00e3o o link da sala por e-mail e tamb\u00e9m as orienta\u00e7\u00f5es para recuperar o conte\u00fado j\u00e1 apresentado nos encontros anteriores.<\/p>\n<p>Como nos dois primeiros m\u00f3dulos (detalhes a seguir), as atividades ser\u00e3o ministradas pela professora-doutora Juliane Furno e pelo professor livre-docente Pedro Rossi, autores do livro tamb\u00e9m intitulado\u00a0<a href=\"https:\/\/fpabramo.org.br\/publicacoes\/estante\/economia-para-a-transformacao-social\/\" target=\"_blank\" rel=\"noopener noreferrer\">Economia para a Transforma\u00e7\u00e3o Socia<\/a>l, publicado pela Funda\u00e7\u00e3o Perseu Abramo e que deu origem ao curso.<\/p>\n<h3><strong>O curso<\/strong><\/h3>\n<p>No conjunto, o curso busca apresentar, de forma panor\u00e2mica e acess\u00edvel, os principais elementos, ferramentas e discuss\u00f5es necess\u00e1rios para a compreens\u00e3o da economia. A professora Juliane diz que esse conhecimento \u00e9 importante para o dirigente sindical, pois \u201cquem melhor entende a realidade, melhor consegue pensar em uma t\u00e1tica para se posicionar e ter vit\u00f3rias; por isso, estudar, e estudar coletivamente, \u00e9 fundamental\u201d.<\/p>\n<p>O pesquisador Pedro Rossi refor\u00e7a que \u201ceconomia \u00e9 tamb\u00e9m autoconhecimento, e entend\u00ea-la \u00e9 entender o mundo que nos cerca\u201d. Para ele, \u201cassim, \u00e9 poss\u00edvel ter instrumentos para transform\u00e1-lo, pois, para termos instrumentos para enfrentar o discurso econ\u00f4mico hegem\u00f4nico, temos que nos apropriar de conhecimento\u201d.<\/p>\n<p>Para o secret\u00e1rio de Forma\u00e7\u00e3o da Contraf-CUT, Rafael Zanon, \u201co curso oferece conte\u00fado que permite uma melhor compreens\u00e3o do pensamento econ\u00f4mico, dos debates de ideias no passado e no presente\u201d. Zanon garante que, \u201ccom isso, o programa amplia a capacidade do dirigente para fazer an\u00e1lises de conjuntura, preparando-os para uma interven\u00e7\u00e3o qualificada na sociedade, ajudando na constru\u00e7\u00e3o do fortalecimento das lutas pelos interesses da classe trabalhadora\u201d.<\/p>\n<h3><strong>M\u00f3dulos anteriores<\/strong><\/h3>\n<p>O primeiro m\u00f3dulo foi presencial nos dias 13 e 14 de mar\u00e7o, em S\u00e3o Paulo. No primeiro, a professora Juliane tratou de \u201cDinheiro e organiza\u00e7\u00e3o social\u201d; \u201cMarx e Keynes no pensamento econ\u00f4mico\u201d; \u201cNeoliberalismo\u201d; e \u201cDesenvolvimento, subdesenvolvimento e depend\u00eancia\u201d.\u00a0<a href=\"https:\/\/contrafcut.com.br\/noticias\/tornar-economia-acessivel-a-sociedade-e-fundamental-a-democracia\/?swcfpc=1\" target=\"_blank\" rel=\"noopener noreferrer\">Leia detalhes aqui<\/a>.<\/p>\n<p>No segundo dia, o professor Pedro Rossi trouxe os temas \u201cTransforma\u00e7\u00f5es no capitalismo global e o mundo p\u00f3s-pandemia\u201d; \u201cO fim da ordem liberal, a crise de 1929 e o\u00a0<em>New Deal<\/em>\u201d; \u201cO p\u00f3s-guerra e os estados de bem-estar social\u201d; \u201cA economia internacional na era da globaliza\u00e7\u00e3o\u201d; e \u201cCrise de 2008, pandemia e transforma\u00e7\u00f5es na ordem internacional\u201d.\u00a0<a href=\"https:\/\/contrafcut.com.br\/noticias\/a-economia-e-instrumento-de-dominacao\/?swcfpc=1\" target=\"_blank\" rel=\"noopener noreferrer\">Leia detalhes neste link<\/a>.<\/p>\n<p>O segundo m\u00f3dulo, realizado \u00e0 dist\u00e2ncia no dia 27 daquele m\u00eas, abordou \u201cMitos econ\u00f4micos e o debate brasileiro\u201d e \u201cMitologia fiscal e a ret\u00f3rica da austeridade\u201d.\u00a0<a href=\"https:\/\/contrafcut.com.br\/noticias\/curso-economia-para-transformacao-social-tem-segundo-modulo-nesta-terca-2\/\" target=\"_blank\" rel=\"noopener noreferrer\">Conhe\u00e7a os detalhes aqui<\/a>.<\/p>\n<h3><strong>M\u00f3dulo final<\/strong><\/h3>\n<p>O curso Economia para a Transforma\u00e7\u00e3o Social ser\u00e1 conclu\u00eddo nos pr\u00f3ximos dias 15 e 16 de maio, com o quarto m\u00f3dulo. No encontro, presencial em S\u00e3o Paulo, os professores Pedro e Juliane apresentar\u00e3o os t\u00f3picos\u00a0<strong>\u201c<\/strong>Subdesenvolvimento, neoliberalismo e transforma\u00e7\u00e3o social no brasil\u201d, \u201cSubdesenvolvimento, industrializa\u00e7\u00e3o e neoliberalismo\u201d, \u201cCrescimento e distribui\u00e7\u00e3o nos governos Lula e Dilma\u201d, \u201cAscens\u00e3o e fracasso da estrat\u00e9gia neoliberal\u201d e \u201cAgenda econ\u00f4mica para a transforma\u00e7\u00e3o social\u201d.<\/p>\n<h3><strong>Os professores<\/strong><\/h3>\n<p>Juliane Furno \u00e9 cientista social, economista e doutora em Desenvolvimento Econ\u00f4mico pela Universidade Estadual de Campinas (Unicamp). Rec\u00e9m-concursada para professora do Departamento de Economia da Universidade Estadual do Rio de Janeiro (Uerj), \u00e9 assessora da diretoria do BNDES. Foi assessora sindical da CUT.<\/p>\n<p>Pedro Rossi \u00e9 professor livre-docente do Instituto de Economia da Unicamp e pesquisador do Centro de Estudos de Conjuntura e Pol\u00edtica Econ\u00f4mica (Cecon). Foi professor visitante da Fudan University (Shanghai) e pesquisador visitante na Unctad\/ONU (Genebra) e na University College London.<\/p>\n<p><strong>Fonte: Contraf-CUT<\/strong><\/p>\n","protected":false},"excerpt":{"rendered":"<p>O terceiro m\u00f3dulo do curso Economia para a Transforma\u00e7\u00e3o Social ocorre na pr\u00f3xima ter\u00e7a-feira (23). O evento, organizado pela Secretaria de Forma\u00e7\u00e3o da Confedera\u00e7\u00e3o Nacional dos Trabalhadores do Ramo Financeiro (Contraf-CUT), ser\u00e1 realizado na modalidade remota, das 19 horas \u00e0s 22 horas. O p\u00fablico-alvo do programa s\u00e3o dirigentes sindicais banc\u00e1rios e de outras entidades filiadas [&hellip;]<\/p>\n","protected":false},"author":2,"featured_media":15206,"comment_status":"","ping_status":"","sticky":false,"template":"","format":"standard","meta":{"footnotes":""},"categories":[3],"tags":[],"class_list":["post-15207","post","type-post","status-publish","format-standard","has-post-thumbnail","hentry","category-noticias"],"_links":{"self":[{"href":"https:\/\/hostnetart.com.br\/baixada\/wp-json\/wp\/v2\/posts\/15207","targetHints":{"allow":["GET"]}}],"collection":[{"href":"https:\/\/hostnetart.com.br\/baixada\/wp-json\/wp\/v2\/posts"}],"about":[{"href":"https:\/\/hostnetart.com.br\/baixada\/wp-json\/wp\/v2\/types\/post"}],"author":[{"embeddable":true,"href":"https:\/\/hostnetart.com.br\/baixada\/wp-json\/wp\/v2\/users\/2"}],"replies":[{"embeddable":true,"href":"https:\/\/hostnetart.com.br\/baixada\/wp-json\/wp\/v2\/comments?post=15207"}],"version-history":[{"count":0,"href":"https:\/\/hostnetart.com.br\/baixada\/wp-json\/wp\/v2\/posts\/15207\/revisions"}],"wp:featuredmedia":[{"embeddable":true,"href":"https:\/\/hostnetart.com.br\/baixada\/wp-json\/wp\/v2\/media\/15206"}],"wp:attachment":[{"href":"https:\/\/hostnetart.com.br\/baixada\/wp-json\/wp\/v2\/media?parent=15207"}],"wp:term":[{"taxonomy":"category","embeddable":true,"href":"https:\/\/hostnetart.com.br\/baixada\/wp-json\/wp\/v2\/categories?post=15207"},{"taxonomy":"post_tag","embeddable":true,"href":"https:\/\/hostnetart.com.br\/baixada\/wp-json\/wp\/v2\/tags?post=15207"}],"curies":[{"name":"wp","href":"https:\/\/api.w.org\/{rel}","templated":true}]}}