{"id":15203,"date":"2024-04-17T14:30:54","date_gmt":"2024-04-17T17:30:54","guid":{"rendered":"https:\/\/hostnetart.com.br\/baixada\/eleicoes-da-funcef-se-liga-nas-propostas-dos-nossos-candidatos\/"},"modified":"2024-04-17T14:30:54","modified_gmt":"2024-04-17T17:30:54","slug":"eleicoes-da-funcef-se-liga-nas-propostas-dos-nossos-candidatos","status":"publish","type":"post","link":"https:\/\/hostnetart.com.br\/baixada\/eleicoes-da-funcef-se-liga-nas-propostas-dos-nossos-candidatos\/","title":{"rendered":"Elei\u00e7\u00f5es da Funcef: se liga nas propostas dos nossos candidatos"},"content":{"rendered":"<p>A vota\u00e7\u00e3o para a escolha de quem vai ocupar a diretoria de Administra\u00e7\u00e3o e Controladoria, o Conselho Deliberativo e o Conselho Fiscal da Funcef est\u00e1 em andamento e segue at\u00e9 sexta-feira (19). Todos os participantes dos planos de previd\u00eancia da entidade, tanto os ativos quanto os assistidos maiores de 18 anos, podem e devem votar. \u00c9 bom votar o quanto antes para n\u00e3o correr risco de ficar sem votar devido a algum problema de sistema.<\/p>\n<p>Para votar, basta acessar o site (<a href=\"https:\/\/www.funcef.com.br\/\" target=\"_blank\" rel=\"noopener noreferrer\">https:\/\/www.funcef.com.br\/<\/a>) e, no canto direito superior da tela, clicar em \u201cAutoatendimento\u201d. A\u00ed \u00e9 s\u00f3 digitar seu CPF e senha. No menu, encontre e clique na op\u00e7\u00e3o \u201cElei\u00e7\u00f5es\u201d. A\u00ed \u00e9 s\u00f3 votar para:<\/p>\n<ul>\n<li>Diretor de Administra\u00e7\u00e3o e Controladoria, no n\u00famero 12 \u2013 Leonardo Quadros;<\/li>\n<li>Conselho Fiscal, no n\u00famero 21 \u2013 Wagner Ferreira (titular) e Mizaki Mitiue (suplente); e<\/li>\n<li>Conselho Deliberativo, no n\u00famero 31 \u2013 Maria Gaia (titular) e Amanda Leite (suplente)<\/li>\n<\/ul>\n<p>Tamb\u00e9m \u00e9 poss\u00edvel votar pelo aplicativo da Funcef em seu celular.<\/p>\n<p>\u201cEu apoio e recomendo o voto nos candidatos apoiados pela Contraf-CUT, Fenae e pela maioria das entidades de representa\u00e7\u00e3o e associativas das empregadas e empregados da Caixa, porque s\u00e3o pessoas \u00edntegras, capacitadas para os cargos que disputam e compromissadas na defesa dos participantes e da pr\u00f3pria Funcef\u201d, disse a coordenadora da Comiss\u00e3o Executiva dos Empregados (CEE) da Caixa Econ\u00f4mica Federal, Fabiana Uehara Proscholdt. \u201cE eles t\u00eam propostas condizentes com as necessidades dos participantes\u201d, completou.<\/p>\n<h3><strong>Veja abaixo as propostas<\/strong><\/h3>\n<ol type=\"1\">\n<li>Construir uma solu\u00e7\u00e3o para enfrentar aumentos excessivos nos valores das parcelas dos participantes;<\/li>\n<li>Defender a revis\u00e3o do regulamento do REG\/Replan N\u00e3o Saldado, alterado de forma irregular entre 2020 e 2022, com reflexos extremamente prejudiciais a seus participantes;<\/li>\n<li>Defender a inclus\u00e3o dos participantes nas discuss\u00f5es do GT do equacionamento em andamento;<\/li>\n<li>Defender uma proposta de incorpora\u00e7\u00e3o do REB pelo Novo Plano que preserve direitos;<\/li>\n<li>Defender revis\u00e3o estatut\u00e1ria, buscando o restabelecimento de garantias retiradas na altera\u00e7\u00e3o irregular iniciada em 2018 e finalizada em 2022;<\/li>\n<li>Atuar na defesa dos direitos e interesses dos participantes, em conjunto com entidades representativas;<\/li>\n<li>Avaliar os atuais programas, crit\u00e9rios e normas gerais de administra\u00e7\u00e3o da Funcef adequando-os as melhores pr\u00e1ticas de gest\u00e3o;<\/li>\n<li>Atuar no aprimoramento da Tecnologia de Informa\u00e7\u00e3o da Funda\u00e7\u00e3o, acelerando as mudan\u00e7as necess\u00e1rias para o atendimento das demandas da Funcef;<\/li>\n<li>Buscar o aprimoramento cont\u00ednuo da gest\u00e3o de riscos, acompanhando os trabalhos do Comit\u00ea de Riscos e do Comit\u00e9 de Auditoria;<\/li>\n<li>Defender mecanismos de recomposi\u00e7\u00e3o do poder de compra e direitos como o Fundo de Acumula\u00e7\u00e3o de Benef\u00edcios (FAB) e o Fundo para Revis\u00e3o de Benef\u00edcio Saldado (FRB) e a manuten\u00e7\u00e3o das atuais regras de pens\u00e3o e benef\u00edcios de risco;<\/li>\n<li>Atuar para a implementa\u00e7\u00e3o de Perfil de Apetite a Risco para o REB\/Novo Plano durante a fase de contribui\u00e7\u00e3o, possibilitando a seus participantes a decis\u00e3o de alocar seus recursos conforme os par\u00e2metros definidos;<\/li>\n<li>Avaliar as pol\u00edticas de gest\u00e3o de pessoas priorizando a revis\u00e3o de processos, treinamento e capacita\u00e7\u00e3o e revisitando o plano de cargos e sal\u00e1rios da Funcef, buscando propiciar o aumento da efici\u00eancia, o desenvolvimento e a reten\u00e7\u00e3o de profissionais;<\/li>\n<li>Cont\u00ednua presta\u00e7\u00e3o de contas aos participantes, por divulga\u00e7\u00e3o direta e por meio de a\u00e7\u00f5es realizadas em conjunto com as entidades representativas;<\/li>\n<li>Realizar o levantamento dos valores desembolsados pela Funcef em cumprimento de a\u00e7\u00f5es judiciais originadas pela rela\u00e7\u00e3o de trabalho entre o participante e a Caixa, viabilizando que a Patrocinadora seja responsabilizada;<\/li>\n<li>Garantir o fiel cumprimento da legisla\u00e7\u00e3o em vigor, normas da Superintend\u00eancia Nacional de Previd\u00eancia Complementar (Previc) e resolu\u00e7\u00f5es do Conselho Nacional de Previd\u00eancia Complementar (CNPC), de forma a assegurar a integridade operacional da Funcef;<\/li>\n<li>Realizar an\u00e1lise estrat\u00e9gica cont\u00ednua das pr\u00e1ticas (benchmarking) utilizadas pelas demais entidades fechadas de previd\u00eancia complementar compar\u00e1veis \u00e0 Funcef, buscando o aprimoramento da Funda\u00e7\u00e3o;<\/li>\n<li>Buscar proposta para solu\u00e7\u00e3o das a\u00e7\u00f5es de recomposi\u00e7\u00e3o dos benef\u00edcios das mulheres pr\u00e9-78.<\/li>\n<\/ol>\n<blockquote>\n<p><strong>&gt;&gt;&gt;&gt;<\/strong>\u00a0<a href=\"https:\/\/contrafcut.com.br\/jornal-mdf-nacional-online1\/?swcfpc=1\" target=\"_blank\" rel=\"noopener noreferrer\">Leia o boletim com mais informa\u00e7\u00f5es sobre os candidatos e suas propostas<\/a><\/p>\n<\/blockquote>\n<p><strong>Fonte: Contraf-CUT<\/strong><\/p>\n","protected":false},"excerpt":{"rendered":"<p>A vota\u00e7\u00e3o para a escolha de quem vai ocupar a diretoria de Administra\u00e7\u00e3o e Controladoria, o Conselho Deliberativo e o Conselho Fiscal da Funcef est\u00e1 em andamento e segue at\u00e9 sexta-feira (19). Todos os participantes dos planos de previd\u00eancia da entidade, tanto os ativos quanto os assistidos maiores de 18 anos, podem e devem votar. [&hellip;]<\/p>\n","protected":false},"author":2,"featured_media":15202,"comment_status":"","ping_status":"","sticky":false,"template":"","format":"standard","meta":{"footnotes":""},"categories":[3],"tags":[],"class_list":["post-15203","post","type-post","status-publish","format-standard","has-post-thumbnail","hentry","category-noticias"],"_links":{"self":[{"href":"https:\/\/hostnetart.com.br\/baixada\/wp-json\/wp\/v2\/posts\/15203","targetHints":{"allow":["GET"]}}],"collection":[{"href":"https:\/\/hostnetart.com.br\/baixada\/wp-json\/wp\/v2\/posts"}],"about":[{"href":"https:\/\/hostnetart.com.br\/baixada\/wp-json\/wp\/v2\/types\/post"}],"author":[{"embeddable":true,"href":"https:\/\/hostnetart.com.br\/baixada\/wp-json\/wp\/v2\/users\/2"}],"replies":[{"embeddable":true,"href":"https:\/\/hostnetart.com.br\/baixada\/wp-json\/wp\/v2\/comments?post=15203"}],"version-history":[{"count":0,"href":"https:\/\/hostnetart.com.br\/baixada\/wp-json\/wp\/v2\/posts\/15203\/revisions"}],"wp:featuredmedia":[{"embeddable":true,"href":"https:\/\/hostnetart.com.br\/baixada\/wp-json\/wp\/v2\/media\/15202"}],"wp:attachment":[{"href":"https:\/\/hostnetart.com.br\/baixada\/wp-json\/wp\/v2\/media?parent=15203"}],"wp:term":[{"taxonomy":"category","embeddable":true,"href":"https:\/\/hostnetart.com.br\/baixada\/wp-json\/wp\/v2\/categories?post=15203"},{"taxonomy":"post_tag","embeddable":true,"href":"https:\/\/hostnetart.com.br\/baixada\/wp-json\/wp\/v2\/tags?post=15203"}],"curies":[{"name":"wp","href":"https:\/\/api.w.org\/{rel}","templated":true}]}}