{"id":15199,"date":"2024-04-16T15:39:25","date_gmt":"2024-04-16T18:39:25","guid":{"rendered":"https:\/\/hostnetart.com.br\/baixada\/itau-inicia-campanha-de-vacinacao\/"},"modified":"2024-04-16T15:39:25","modified_gmt":"2024-04-16T18:39:25","slug":"itau-inicia-campanha-de-vacinacao","status":"publish","type":"post","link":"https:\/\/hostnetart.com.br\/baixada\/itau-inicia-campanha-de-vacinacao\/","title":{"rendered":"Ita\u00fa inicia campanha de vacina\u00e7\u00e3o"},"content":{"rendered":"<\/p>\n<p>O Ita\u00fa come\u00e7ou a sua campanha de vacina\u00e7\u00e3o contra a gripe nesta segunda-feira (15). A a\u00e7\u00e3o vai at\u00e9 o dia 26 nos polos administrativos e dia 30 nas ag\u00eancias\/cl\u00ednicas conveniadas.<\/p>\n<p>O coordenador da Comiss\u00e3o de Organiza\u00e7\u00e3o dos Empregados (COE) do Ita\u00fa, Jair Alves, lembra que a campanha de vacina\u00e7\u00e3o contra a gripe nos bancos \u00e9 uma conquista do movimento sindical banc\u00e1rio. \u201c\u00c9 muito importante que todos se vacinem e orientem seus familiares a tamb\u00e9m se imunizarem.\u201d<\/p>\n<p><strong>Fonte: Contraf-CUT<\/strong><\/p>\n","protected":false},"excerpt":{"rendered":"<p>O Ita\u00fa come\u00e7ou a sua campanha de vacina\u00e7\u00e3o contra a gripe nesta segunda-feira (15). A a\u00e7\u00e3o vai at\u00e9 o dia 26 nos polos administrativos e dia 30 nas ag\u00eancias\/cl\u00ednicas conveniadas. O coordenador da Comiss\u00e3o de Organiza\u00e7\u00e3o dos Empregados (COE) do Ita\u00fa, Jair Alves, lembra que a campanha de vacina\u00e7\u00e3o contra a gripe nos bancos \u00e9 [&hellip;]<\/p>\n","protected":false},"author":2,"featured_media":15198,"comment_status":"","ping_status":"","sticky":false,"template":"","format":"standard","meta":{"footnotes":""},"categories":[3],"tags":[],"class_list":["post-15199","post","type-post","status-publish","format-standard","has-post-thumbnail","hentry","category-noticias"],"_links":{"self":[{"href":"https:\/\/hostnetart.com.br\/baixada\/wp-json\/wp\/v2\/posts\/15199","targetHints":{"allow":["GET"]}}],"collection":[{"href":"https:\/\/hostnetart.com.br\/baixada\/wp-json\/wp\/v2\/posts"}],"about":[{"href":"https:\/\/hostnetart.com.br\/baixada\/wp-json\/wp\/v2\/types\/post"}],"author":[{"embeddable":true,"href":"https:\/\/hostnetart.com.br\/baixada\/wp-json\/wp\/v2\/users\/2"}],"replies":[{"embeddable":true,"href":"https:\/\/hostnetart.com.br\/baixada\/wp-json\/wp\/v2\/comments?post=15199"}],"version-history":[{"count":0,"href":"https:\/\/hostnetart.com.br\/baixada\/wp-json\/wp\/v2\/posts\/15199\/revisions"}],"wp:featuredmedia":[{"embeddable":true,"href":"https:\/\/hostnetart.com.br\/baixada\/wp-json\/wp\/v2\/media\/15198"}],"wp:attachment":[{"href":"https:\/\/hostnetart.com.br\/baixada\/wp-json\/wp\/v2\/media?parent=15199"}],"wp:term":[{"taxonomy":"category","embeddable":true,"href":"https:\/\/hostnetart.com.br\/baixada\/wp-json\/wp\/v2\/categories?post=15199"},{"taxonomy":"post_tag","embeddable":true,"href":"https:\/\/hostnetart.com.br\/baixada\/wp-json\/wp\/v2\/tags?post=15199"}],"curies":[{"name":"wp","href":"https:\/\/api.w.org\/{rel}","templated":true}]}}