{"id":15197,"date":"2024-04-16T15:36:51","date_gmt":"2024-04-16T18:36:51","guid":{"rendered":"https:\/\/hostnetart.com.br\/baixada\/plano-da-previ-e-o-mais-rentavel-do-mercado-com-aposentadoria-de-ate-115-do-ultimo-salario\/"},"modified":"2024-04-16T15:36:51","modified_gmt":"2024-04-16T18:36:51","slug":"plano-da-previ-e-o-mais-rentavel-do-mercado-com-aposentadoria-de-ate-115-do-ultimo-salario","status":"publish","type":"post","link":"https:\/\/hostnetart.com.br\/baixada\/plano-da-previ-e-o-mais-rentavel-do-mercado-com-aposentadoria-de-ate-115-do-ultimo-salario\/","title":{"rendered":"Plano da Previ \u00e9 o mais rent\u00e1vel do mercado, com aposentadoria de at\u00e9 115% do \u00faltimo sal\u00e1rio"},"content":{"rendered":"<p>\u00a0<\/p>\n<p>A Caixa de Previd\u00eancia dos Funcion\u00e1rios do Banco do Brasil (Previ) \u00e9 respons\u00e1vel pela gest\u00e3o do plano de benef\u00edcios mais rent\u00e1vel entre todas as entidades fechadas de previd\u00eancia complementar (EFPC) do pa\u00eds. Uma trabalhadora ou um trabalhador do BB, associado ao Previ Futuro, que contribuir por 35 anos e se aposentar aos 60, receber\u00e1 mensalmente, da entidade, o equivalente a 115,8% do \u00faltimo sal\u00e1rio como funcion\u00e1rio do banco, na maioria dos cargos.<\/p>\n<p>Segundo dados comparados da pr\u00f3pria entidade, da Associa\u00e7\u00e3o Brasileira das Entidades dos Mercados Financeiro e de Capitais (Anbima) e do Instituto Brasileiro de Geografia e Estat\u00edstica (IBGE), nos \u00faltimos dez anos, o plano Previ Futuro apresentou rentabilidade mais de duas vezes superior \u00e0 dos planos de mercado, vendidos pelos bancos (veja quatro 1).<\/p>\n<div class=\"wp-block-image\">\n<figure class=\"aligncenter size-large\"><img fetchpriority=\"high\" decoding=\"async\" class=\"wp-image-309583\" src=\"https:\/\/contrafcut.com.br\/wp-content\/uploads\/2024\/04\/contraf-900-x-455-px-2160-x-1080-px-1.png\" sizes=\"(max-width: 6750px) 100vw, 6750px\" srcset=\"https:\/\/contrafcut.com.br\/wp-content\/uploads\/2024\/04\/contraf-900-x-455-px-2160-x-1080-px-1.png 6750w, https:\/\/contrafcut.com.br\/wp-content\/uploads\/2024\/04\/contraf-900-x-455-px-2160-x-1080-px-1-410x205.png 410w, https:\/\/contrafcut.com.br\/wp-content\/uploads\/2024\/04\/contraf-900-x-455-px-2160-x-1080-px-1-768x384.png 768w, https:\/\/contrafcut.com.br\/wp-content\/uploads\/2024\/04\/contraf-900-x-455-px-2160-x-1080-px-1-1536x768.png 1536w, https:\/\/contrafcut.com.br\/wp-content\/uploads\/2024\/04\/contraf-900-x-455-px-2160-x-1080-px-1-2048x1024.png 2048w\" alt=\"\" width=\"6750\" height=\"3375\" data-cfsrc=\"https:\/\/contrafcut.com.br\/wp-content\/uploads\/2024\/04\/contraf-900-x-455-px-2160-x-1080-px-1.png\" \/><figcaption>Quadro 1: Nos \u00faltimos 10 anos, o Previ Futuro apresentou rentabilidade mais que duas vezes superior aos dos planos de mercado vendidos pelos bancos<\/figcaption><\/figure>\n<\/div>\n<p>Desde 2014, o plano que est\u00e1 em plena fase de acumula\u00e7\u00e3o de riqueza previdenci\u00e1ria, ou seja, os associados s\u00e3o, na maioria, trabalhadoras e trabalhadores do BB na ativa, rentabilizou 239,76% para um \u00cdndice Nacional de Pre\u00e7os ao Consumidor (INPC) , usado para medir a infla\u00e7\u00e3o no pa\u00eds, de 97,64%.<\/p>\n<p>\u201cEsse percentual, \u00e9 mais que a meta de refer\u00eancia de 184,88%, que \u00e9 o par\u00e2metro m\u00ednimo desejado para o retorno de investimentos\u201d, explica Wagner Nascimento, diretor de Seguridade da Previ e candidato a reelei\u00e7\u00e3o para o cargo, <a href=\"https:\/\/contrafcut.com.br\/noticias\/eleicoes-previ-comecou-nesta-sexta-12\/\" target=\"_blank\" rel=\"noopener noreferrer\">nas elei\u00e7\u00f5es deste ano<\/a>.<\/p>\n<p>Ele destaca que, desde que foi criado, em 1998, o Previ Futuro teve rentabilidade acumulada de 3.124,80%, diante de um INPC acumulado de 1.610,10%. \u201cCom isso, o Previ Futuro alcan\u00e7ou rentabilidade m\u00e9dia anual de 7,50%, ou 2,80% acima da meta de refer\u00eancia\u201d, pontua Wagner Nascimento.<\/p>\n<p>Quem aderiu ao Previ Futuro h\u00e1 20 anos conseguiu, at\u00e9 agora, 5,70% da rentabilidade anual acima da infla\u00e7\u00e3o e 1,01% acima da meta (veja o quadro 2). E, quem aderiu ao mesmo plano h\u00e1 29 anos, quando foi criado (1998), teve at\u00e9 aqui rentabilidade m\u00e9dia anual de 7,50%, acima do INPC.<\/p>\n<div class=\"wp-block-image\">\n<figure class=\"aligncenter size-large\"><img decoding=\"async\" class=\"wp-image-309585\" src=\"https:\/\/contrafcut.com.br\/wp-content\/uploads\/2024\/04\/contraf-900-x-455-px-2160-x-1080-px-2.png\" sizes=\"(max-width: 2160px) 100vw, 2160px\" srcset=\"https:\/\/contrafcut.com.br\/wp-content\/uploads\/2024\/04\/contraf-900-x-455-px-2160-x-1080-px-2.png 2160w, https:\/\/contrafcut.com.br\/wp-content\/uploads\/2024\/04\/contraf-900-x-455-px-2160-x-1080-px-2-410x205.png 410w, https:\/\/contrafcut.com.br\/wp-content\/uploads\/2024\/04\/contraf-900-x-455-px-2160-x-1080-px-2-768x384.png 768w, https:\/\/contrafcut.com.br\/wp-content\/uploads\/2024\/04\/contraf-900-x-455-px-2160-x-1080-px-2-1536x768.png 1536w, https:\/\/contrafcut.com.br\/wp-content\/uploads\/2024\/04\/contraf-900-x-455-px-2160-x-1080-px-2-2048x1024.png 2048w\" alt=\"\" width=\"2160\" height=\"1080\" data-cfsrc=\"https:\/\/contrafcut.com.br\/wp-content\/uploads\/2024\/04\/contraf-900-x-455-px-2160-x-1080-px-2.png\" \/><figcaption>Quadro 2: Desde que foi criado, em 1998, o Previ Futuro teve rentabilidade de 3.124,80%, diante de um INPC acumulado de 1.610,10%<\/figcaption><\/figure>\n<\/div>\n<p>\u201cSe o participante contribuir por mais nove anos, poder\u00e1 se aposentar recebendo, pelo resto da vida, rendimentos 15,8% superiores ao \u00faltimo sal\u00e1rio que teve na ativa, na maioria das faixas salarias dos cargos do BB (portanto, 115,8% do total do sal\u00e1rio). Isso, somado o benef\u00edcio Previ mais o INSS\u201d, observou Wagner Nascimento (veja quadro 3).<\/p>\n<div class=\"wp-block-image\">\n<figure class=\"aligncenter size-large\"><img decoding=\"async\" class=\"wp-image-309584\" src=\"https:\/\/contrafcut.com.br\/wp-content\/uploads\/2024\/04\/contraf-900-x-455-px-2160-x-1080-px.png\" sizes=\"(max-width: 6750px) 100vw, 6750px\" srcset=\"https:\/\/contrafcut.com.br\/wp-content\/uploads\/2024\/04\/contraf-900-x-455-px-2160-x-1080-px.png 6750w, https:\/\/contrafcut.com.br\/wp-content\/uploads\/2024\/04\/contraf-900-x-455-px-2160-x-1080-px-410x205.png 410w, https:\/\/contrafcut.com.br\/wp-content\/uploads\/2024\/04\/contraf-900-x-455-px-2160-x-1080-px-768x384.png 768w, https:\/\/contrafcut.com.br\/wp-content\/uploads\/2024\/04\/contraf-900-x-455-px-2160-x-1080-px-1536x768.png 1536w, https:\/\/contrafcut.com.br\/wp-content\/uploads\/2024\/04\/contraf-900-x-455-px-2160-x-1080-px-2048x1024.png 2048w\" alt=\"\" width=\"6750\" height=\"3375\" data-cfsrc=\"https:\/\/contrafcut.com.br\/wp-content\/uploads\/2024\/04\/contraf-900-x-455-px-2160-x-1080-px.png\" \/><figcaption>Quadro 3: o associado que aderiu ao Previ Futuro no seu lan\u00e7amento, h\u00e1 26 anos, e j\u00e1 teve at\u00e9 aqui rentabilidade m\u00e9dia anual de 7,50% (acima do INPC)<\/figcaption><\/figure>\n<\/div>\n<p>O diretor eleito de Administra\u00e7\u00e3o da Previ, M\u00e1rcio de Souza, avalia que \u201cos dados comprovam o \u00eaxito\u201d do modelo de governan\u00e7a da Previ.<\/p>\n<p>\u201cNo modelo conquistado pelos trabalhadores e trabalhadoras do BB, os associados t\u00eam participa\u00e7\u00e3o igualit\u00e1ria na gest\u00e3o. Isso, aliado \u00e0 excel\u00eancia do quadro t\u00e9cnico da Previ, todo formado por funcion\u00e1rios do Banco do Brasil, associados aos planos de benef\u00edcios, responde pelos resultados colhidos hoje e no futuro\u201d, completou.<\/p>\n<h3>Elei\u00e7\u00f5es na Previ<\/h3>\n<p>A Previ est\u00e1 em per\u00edodo de elei\u00e7\u00e3o, at\u00e9 o dia 26 de mar\u00e7o, para a defini\u00e7\u00e3o dos ocupantes para cargos no Conselho Deliberativo, Conselho Fiscal e Diretoria de Seguridade.<\/p>\n<p>Diante do pleito, onde disputam duas chapas, a Confedera\u00e7\u00e3o Nacional dos Trabalhadores do Ramo Financeiro (Contraf-CUT) e outras entidades representativas dos trabalhadores da ativa e aposentados est\u00e3o apoiando a <strong><a href=\"https:\/\/previparaosassociados.com.br\/\" target=\"_blank\" rel=\"noopener noreferrer\">Chapa 1 \u201cPrevi para os Associados\u201d<\/a><\/strong>.<\/p>\n<p>\u201cA Chapa 1 \u00e9 a chapa composta por associados que sempre estiveram comprometidos com o fortalecimento da Previ, na defesa dos interesses dos associados e do BB como institui\u00e7\u00e3o p\u00fablica. Os resultados est\u00e3o a\u00ed, n\u00e3o s\u00f3 em rela\u00e7\u00e3o ao plano Previ Futuro, mas tamb\u00e9m em rela\u00e7\u00e3o ao Plano 1 que, <a href=\"https:\/\/contrafcut.com.br\/noticias\/previ-caixa-de-previdencia-do-bb-tem-o-melhor-resultado-em-dez-anos\/\" target=\"_blank\" rel=\"noopener noreferrer\">fechou 2023, com o maior super\u00e1vit dos \u00faltimos dez anos<\/a>. Achamos importante destacar essas informa\u00e7\u00f5es, diante de tantos ataques infundados, que amea\u00e7am a gest\u00e3o da Previ\u201d, destaca a coordenadora da Comiss\u00e3o de Empresa dos Funcion\u00e1rios do Banco do Brasil (CEBB), Fernanda Lopes, que tamb\u00e9m \u00e9 dirigente da Contraf-CUT.<\/p>\n<p>\u201cOs resultados n\u00e3o mentem. E eles s\u00f3 foram poss\u00edveis de serem alcan\u00e7ados porque refletem o modelo de gest\u00e3o da entidade, que conta com a representa\u00e7\u00e3o de funcion\u00e1rios e funcion\u00e1rias nos conselhos e nas diretorias, e que temos que defender\u201d, pontua Fernanda Lopes.<\/p>\n<p><strong>Fonte: Contraf-CUT<\/strong><\/p>\n","protected":false},"excerpt":{"rendered":"<p>\u00a0 A Caixa de Previd\u00eancia dos Funcion\u00e1rios do Banco do Brasil (Previ) \u00e9 respons\u00e1vel pela gest\u00e3o do plano de benef\u00edcios mais rent\u00e1vel entre todas as entidades fechadas de previd\u00eancia complementar (EFPC) do pa\u00eds. Uma trabalhadora ou um trabalhador do BB, associado ao Previ Futuro, que contribuir por 35 anos e se aposentar aos 60, receber\u00e1 [&hellip;]<\/p>\n","protected":false},"author":2,"featured_media":15196,"comment_status":"","ping_status":"","sticky":false,"template":"","format":"standard","meta":{"footnotes":""},"categories":[3],"tags":[],"class_list":["post-15197","post","type-post","status-publish","format-standard","has-post-thumbnail","hentry","category-noticias"],"_links":{"self":[{"href":"https:\/\/hostnetart.com.br\/baixada\/wp-json\/wp\/v2\/posts\/15197","targetHints":{"allow":["GET"]}}],"collection":[{"href":"https:\/\/hostnetart.com.br\/baixada\/wp-json\/wp\/v2\/posts"}],"about":[{"href":"https:\/\/hostnetart.com.br\/baixada\/wp-json\/wp\/v2\/types\/post"}],"author":[{"embeddable":true,"href":"https:\/\/hostnetart.com.br\/baixada\/wp-json\/wp\/v2\/users\/2"}],"replies":[{"embeddable":true,"href":"https:\/\/hostnetart.com.br\/baixada\/wp-json\/wp\/v2\/comments?post=15197"}],"version-history":[{"count":0,"href":"https:\/\/hostnetart.com.br\/baixada\/wp-json\/wp\/v2\/posts\/15197\/revisions"}],"wp:featuredmedia":[{"embeddable":true,"href":"https:\/\/hostnetart.com.br\/baixada\/wp-json\/wp\/v2\/media\/15196"}],"wp:attachment":[{"href":"https:\/\/hostnetart.com.br\/baixada\/wp-json\/wp\/v2\/media?parent=15197"}],"wp:term":[{"taxonomy":"category","embeddable":true,"href":"https:\/\/hostnetart.com.br\/baixada\/wp-json\/wp\/v2\/categories?post=15197"},{"taxonomy":"post_tag","embeddable":true,"href":"https:\/\/hostnetart.com.br\/baixada\/wp-json\/wp\/v2\/tags?post=15197"}],"curies":[{"name":"wp","href":"https:\/\/api.w.org\/{rel}","templated":true}]}}