{"id":15195,"date":"2024-04-16T15:35:29","date_gmt":"2024-04-16T18:35:29","guid":{"rendered":"https:\/\/hostnetart.com.br\/baixada\/banco-do-brasil-inicia-campanha-de-vacinacao\/"},"modified":"2024-04-16T15:35:29","modified_gmt":"2024-04-16T18:35:29","slug":"banco-do-brasil-inicia-campanha-de-vacinacao","status":"publish","type":"post","link":"https:\/\/hostnetart.com.br\/baixada\/banco-do-brasil-inicia-campanha-de-vacinacao\/","title":{"rendered":"Banco do Brasil inicia campanha de vacina\u00e7\u00e3o"},"content":{"rendered":"<\/p>\n<p>Trabalhadoras e trabalhadores do Banco do Brasil da ativa, estagi\u00e1rios e menores aprendizes poder\u00e3o se imunizar contra a gripe a partir desta segunda-feira (15) at\u00e9 o dia 30 de junho.<\/p>\n<p>A Caixa de Assist\u00eancia dos Funcion\u00e1rios do BB (Cassi) divulgou um calend\u00e1rio com as datas e hor\u00e1rios previstos para cada depend\u00eancia, que pode ser acessado a partir <strong><a href=\"https:\/\/aseportali7b47c5c768.blob.core.windows.net\/blobaseportali7b47c5c768\/wp-content\/uploads\/2024\/04\/Cronograma-BANCO-DO-BRASIL.xlsx\" target=\"_blank\" rel=\"noopener noreferrer\">deste link<\/a><\/strong>.<\/p>\n<p>Caso a depend\u00eancia da trabalhadora ou trabalhador n\u00e3o esteja na lista, poder\u00e1 receber a vacina em uma das cl\u00ednicas autorizadas para a imuniza\u00e7\u00e3o. Para buscar a unidade mais pr\u00f3xima, com base na unidade da federa\u00e7\u00e3o e cidade, <strong><a href=\"https:\/\/aseportali7b47c5c768.blob.core.windows.net\/blobaseportali7b47c5c768\/wp-content\/uploads\/2024\/04\/REDE-CLINICAS-OFICIAL-BANCOS-2024.xlsx\" target=\"_blank\" rel=\"noopener noreferrer\">clique aqui<\/a><\/strong>.<\/p>\n<h3>Passo a passo para agendamento<\/h3>\n<p>Depois de acessar a p\u00e1gina da campanha de vacina\u00e7\u00e3o, no site da Cassi (<a href=\"http:\/\/www.cassi.com.br\/noticias\/vacinacao-bb\" target=\"_blank\" rel=\"noopener noreferrer\">www.cassi.com.br\/noticias\/vacinacao-bb<\/a>\/), a trabalhadora ou trabalhador deve:<\/p>\n<p>1) Ir na sess\u00e3o \u201cCalend\u00e1rio de vacina\u00e7\u00e3o do BB\u201d e buscar a data e prefixo mais pr\u00f3ximo;<br \/>2) Entrar em contato com o gestor da depend\u00eancia escolhida e pedir para garantir sua dose;<br \/>3) Comparecer no dia agendado.<\/p>\n<p>Os gestores das unidades poder\u00e3o entrar em contato com a equipe de vacinadores para prever doses extras.<\/p>\n<p><strong>Fonte: Contraf-CUT<\/strong><\/p>\n","protected":false},"excerpt":{"rendered":"<p>Trabalhadoras e trabalhadores do Banco do Brasil da ativa, estagi\u00e1rios e menores aprendizes poder\u00e3o se imunizar contra a gripe a partir desta segunda-feira (15) at\u00e9 o dia 30 de junho. A Caixa de Assist\u00eancia dos Funcion\u00e1rios do BB (Cassi) divulgou um calend\u00e1rio com as datas e hor\u00e1rios previstos para cada depend\u00eancia, que pode ser acessado [&hellip;]<\/p>\n","protected":false},"author":2,"featured_media":15194,"comment_status":"","ping_status":"","sticky":false,"template":"","format":"standard","meta":{"footnotes":""},"categories":[3],"tags":[],"class_list":["post-15195","post","type-post","status-publish","format-standard","has-post-thumbnail","hentry","category-noticias"],"_links":{"self":[{"href":"https:\/\/hostnetart.com.br\/baixada\/wp-json\/wp\/v2\/posts\/15195","targetHints":{"allow":["GET"]}}],"collection":[{"href":"https:\/\/hostnetart.com.br\/baixada\/wp-json\/wp\/v2\/posts"}],"about":[{"href":"https:\/\/hostnetart.com.br\/baixada\/wp-json\/wp\/v2\/types\/post"}],"author":[{"embeddable":true,"href":"https:\/\/hostnetart.com.br\/baixada\/wp-json\/wp\/v2\/users\/2"}],"replies":[{"embeddable":true,"href":"https:\/\/hostnetart.com.br\/baixada\/wp-json\/wp\/v2\/comments?post=15195"}],"version-history":[{"count":0,"href":"https:\/\/hostnetart.com.br\/baixada\/wp-json\/wp\/v2\/posts\/15195\/revisions"}],"wp:featuredmedia":[{"embeddable":true,"href":"https:\/\/hostnetart.com.br\/baixada\/wp-json\/wp\/v2\/media\/15194"}],"wp:attachment":[{"href":"https:\/\/hostnetart.com.br\/baixada\/wp-json\/wp\/v2\/media?parent=15195"}],"wp:term":[{"taxonomy":"category","embeddable":true,"href":"https:\/\/hostnetart.com.br\/baixada\/wp-json\/wp\/v2\/categories?post=15195"},{"taxonomy":"post_tag","embeddable":true,"href":"https:\/\/hostnetart.com.br\/baixada\/wp-json\/wp\/v2\/tags?post=15195"}],"curies":[{"name":"wp","href":"https:\/\/api.w.org\/{rel}","templated":true}]}}