{"id":15191,"date":"2024-04-15T15:06:18","date_gmt":"2024-04-15T18:06:18","guid":{"rendered":"https:\/\/hostnetart.com.br\/baixada\/eleicoes-da-funcef-amanha-comeca-a-votacao\/"},"modified":"2024-04-15T15:06:18","modified_gmt":"2024-04-15T18:06:18","slug":"eleicoes-da-funcef-amanha-comeca-a-votacao","status":"publish","type":"post","link":"https:\/\/hostnetart.com.br\/baixada\/eleicoes-da-funcef-amanha-comeca-a-votacao\/","title":{"rendered":"Elei\u00e7\u00f5es da Funcef: Amanh\u00e3 come\u00e7a a vota\u00e7\u00e3o"},"content":{"rendered":"<\/p>\n<p>A partir desta ter\u00e7a-feira (16), os participantes dos planos de previd\u00eancia da Funcef come\u00e7am a votar para definir quem vai ocupar a diretoria de Administra\u00e7\u00e3o e Controladoria, o Conselho Deliberativo e o Conselho Fiscal da entidade. A vota\u00e7\u00e3o, que ser\u00e1 realizada por meio de sistema eletr\u00f4nico, com acesso por CPF e senha pessoal do eleitor, pelo site (<a href=\"https:\/\/www.funcef.com.br\/\" target=\"_blank\" rel=\"noopener noreferrer\">https:\/\/www.funcef.com.br\/<\/a>), ou aplicativo m\u00f3vel da Funcef, segue at\u00e9 sexta-feira (19).<\/p>\n<p>\u201cMas sabemos como s\u00e3o os sistemas da Caixa. De uma hora para a outra pode dar algum problema. Por isso, orientamos que todos os participantes votem o quanto antes para n\u00e3o haver risco de ficar sem exercer seu direito de voto por causa de um problema de sistema\u201d, disse a coordenadora da Comiss\u00e3o Executiva dos Empregados (CEE) da Caixa Econ\u00f4mica Federal, Fabiana Uehara Proscholdt, que \u00e9 conhecida como Fabi por seus colegas de trabalho no banco.<\/p>\n<p>Todos os participantes ativos e assistidos maiores de 18 anos, inscritos nos planos de benef\u00edcios da Funcef at\u00e9 31 de janeiro de 2024, t\u00eam direito a voto.<\/p>\n<p>\u201c\u00c9 importante que todas as empregadas e empregados da Caixa que participam dos planos da Funcef, tanto da ativa quanto aqueles que j\u00e1 recebem assist\u00eancia, exer\u00e7am seu direito de voto\u201d, disse Fabi. \u201cEu apoio e recomendo o voto nos candidatos apoiados pela Contraf-CUT porque s\u00e3o pessoas \u00edntegras, capacitadas para os cargos que disputam e compromissadas na defesa dos participantes e da pr\u00f3pria Funcef\u201d, completou.<\/p>\n<p>Al\u00e9m da Confedera\u00e7\u00e3o Nacional dos Trabalhadores do Ramo Financeiro (Contraf-CUT), a <a href=\"https:\/\/www.fenae.org.br\/portal\/fenae-portal\/vote-nos-candidatos-do-movimento-em-defesa-da-funcef-apoiados-pela-fenae-8A19A3048E94BF0B018ED24AD28B6FAA-00.htm\" target=\"_blank\" rel=\"noopener noreferrer\">Federa\u00e7\u00e3o Nacional das Associa\u00e7\u00f5es do Pessoal da Caixa (Fenae)<\/a> e a grande maioria das entidades de representa\u00e7\u00e3o e associativas das empregadas e empregados da Caixa apoiam a elei\u00e7\u00e3o de:<\/p>\n<ul>\n<li><strong>Leonardo Quadros<\/strong>, que concorre ao cargo de <strong>diretor de Administra\u00e7\u00e3o e Controladoria<\/strong>com o <strong>n\u00famero 12<\/strong>;<\/li>\n<li><strong>Maria Gaia<\/strong> (titular) <strong>e Amanda Leite<\/strong>(suplente), que concorrem ao <strong>Conselho Deliberativo<\/strong> com o <strong>n\u00famero 31<\/strong>; e<\/li>\n<li><strong>Wagner Ferreira<\/strong> (titular) <strong>e Mizaki Mitiue<\/strong>(suplente), que concorrem ao <strong>Conselho Fiscal<\/strong> com o <strong>n\u00famero 21<\/strong>.<\/li>\n<\/ul>\n<p><strong>&gt;&gt;&gt;&gt;&gt;<\/strong> <a href=\"https:\/\/contrafcut.com.br\/jornal-mdf-nacional-online1\/?swcfpc=1\" target=\"_blank\" rel=\"noopener noreferrer\">Leia o boletim com mais informa\u00e7\u00f5es sobre os candidatos e suas propostas<\/a><\/p>\n<p><strong>Fonte: Contraf-CUT<\/strong><\/p>\n","protected":false},"excerpt":{"rendered":"<p>A partir desta ter\u00e7a-feira (16), os participantes dos planos de previd\u00eancia da Funcef come\u00e7am a votar para definir quem vai ocupar a diretoria de Administra\u00e7\u00e3o e Controladoria, o Conselho Deliberativo e o Conselho Fiscal da entidade. A vota\u00e7\u00e3o, que ser\u00e1 realizada por meio de sistema eletr\u00f4nico, com acesso por CPF e senha pessoal do eleitor, [&hellip;]<\/p>\n","protected":false},"author":2,"featured_media":15190,"comment_status":"","ping_status":"","sticky":false,"template":"","format":"standard","meta":{"footnotes":""},"categories":[3],"tags":[],"class_list":["post-15191","post","type-post","status-publish","format-standard","has-post-thumbnail","hentry","category-noticias"],"_links":{"self":[{"href":"https:\/\/hostnetart.com.br\/baixada\/wp-json\/wp\/v2\/posts\/15191","targetHints":{"allow":["GET"]}}],"collection":[{"href":"https:\/\/hostnetart.com.br\/baixada\/wp-json\/wp\/v2\/posts"}],"about":[{"href":"https:\/\/hostnetart.com.br\/baixada\/wp-json\/wp\/v2\/types\/post"}],"author":[{"embeddable":true,"href":"https:\/\/hostnetart.com.br\/baixada\/wp-json\/wp\/v2\/users\/2"}],"replies":[{"embeddable":true,"href":"https:\/\/hostnetart.com.br\/baixada\/wp-json\/wp\/v2\/comments?post=15191"}],"version-history":[{"count":0,"href":"https:\/\/hostnetart.com.br\/baixada\/wp-json\/wp\/v2\/posts\/15191\/revisions"}],"wp:featuredmedia":[{"embeddable":true,"href":"https:\/\/hostnetart.com.br\/baixada\/wp-json\/wp\/v2\/media\/15190"}],"wp:attachment":[{"href":"https:\/\/hostnetart.com.br\/baixada\/wp-json\/wp\/v2\/media?parent=15191"}],"wp:term":[{"taxonomy":"category","embeddable":true,"href":"https:\/\/hostnetart.com.br\/baixada\/wp-json\/wp\/v2\/categories?post=15191"},{"taxonomy":"post_tag","embeddable":true,"href":"https:\/\/hostnetart.com.br\/baixada\/wp-json\/wp\/v2\/tags?post=15191"}],"curies":[{"name":"wp","href":"https:\/\/api.w.org\/{rel}","templated":true}]}}