{"id":1519,"date":"2013-09-27T00:00:00","date_gmt":"2013-09-27T03:00:00","guid":{"rendered":"https:\/\/hostnetart.com.br\/baixada\/bancarios-chilenos-enviam-mensagem-de-apoio-e-solidariedade-a-greve\/"},"modified":"2013-09-27T00:00:00","modified_gmt":"2013-09-27T03:00:00","slug":"bancarios-chilenos-enviam-mensagem-de-apoio-e-solidariedade-a-greve","status":"publish","type":"post","link":"https:\/\/hostnetart.com.br\/baixada\/bancarios-chilenos-enviam-mensagem-de-apoio-e-solidariedade-a-greve\/","title":{"rendered":"Banc\u00e1rios chilenos enviam mensagem de apoio e solidariedade \u00e0 greve"},"content":{"rendered":"<p>Os banc\u00e1rios chilenos manifestaram apoio \u00e0 greve nacional que completou oito dias nesta quinta-feira, dia 26. Uma mensagem foi encaminhada pela \u201cConfederaci\u00f3n de Sindicatos Bancarios y Afines\u201d (CSTEBA), destacando a profunda solidariedade com os brasileiros pela grande mobiliza\u00e7\u00e3o.<\/p>\n<p>\u00a0<\/p>\n<p>\u201cQueremos expressar a proximidade que temos com a luta e reivindica\u00e7\u00f5es da categoria banc\u00e1ria, uma vez que as aspira\u00e7\u00f5es s\u00e3o as mesmas com os bancos do Chile\u201d, afirma o texto da CSTEBA, assinado por Andrea Riquelme Beltran, presidente, e Luis Mesina, secret\u00e1rio-geral.<\/p>\n<p>\u00a0<\/p>\n<p>Clique\u00a0<a href=\"http:\/\/www.contrafcut.org.br\/download\/Arquivo\/13926101027.pdf\" target=\"_blank\" rel=\"noopener noreferrer\">aqui<\/a>\u00a0para ler a \u00edntegra da mensagem da CSTEBA.<\/p>\n<p>\u00a0<\/p>\n<p>O comunicado ressalta o desejo de se obter \u201cnum futuro pr\u00f3ximo que as condi\u00e7\u00f5es de sal\u00e1rio, trabalho e sa\u00fade dos trabalhadores do sistema financeiro sejam respeitadas em toda a regi\u00e3o e, pelo peso espec\u00edfico do Brasil e sua tradi\u00e7\u00e3o de luta sindical, o que voc\u00eas fazem \u00e9 muito importante para toda Am\u00e9rica\u201d.<\/p>\n<p>\u00a0<\/p>\n<p>O presidente da Contraf-CUT e da UNI Am\u00e9ricas Finan\u00e7as, Carlos Cordeiro, agradece a manifesta\u00e7\u00e3o da CSTEBA. \u201c\u00c9 um apoio que refor\u00e7a a nossa organiza\u00e7\u00e3o e unidade latino-americana e mostra que precisamos cada vez mais direcionar a\u00e7\u00f5es internacionais de maneira conjunta em defesa dos empregos e direitos dos trabalhadores\u201d, salienta.<\/p>\n<p>\u00a0<\/p>\n<p>\u201c\u00c9 sempre importante este tipo de manifesta\u00e7\u00e3o, uma vez que mostra a unidade dos trabalhadores na Am\u00e9rica Latina. O apoio tamb\u00e9m leva seguran\u00e7a aos banc\u00e1rios da regi\u00e3o quando tomamos conhecimento que irm\u00e3os trabalhadores de outros pa\u00edses s\u00e3o solid\u00e1rios aos brasileiros\u201d, afirma Mario Raia, secret\u00e1rio de Rela\u00e7\u00f5es Internacionais da Contraf-CUT.<\/p>\n<p>\u00a0<\/p>\n<p>\u201cA CSTEBA sempre se mostrou solid\u00e1ria \u00e0s causas dos trabalhadores brasileiros. \u00c9 uma entidade irm\u00e3 e parceira da Contraf-CUT\u201d, completa M\u00e1rio Raia.<\/p>\n<p>\u00a0<\/p>\n<p>Fonte: Contraf-CUT<\/p>\n","protected":false},"excerpt":{"rendered":"<p>Os banc\u00e1rios chilenos manifestaram apoio \u00e0 greve nacional que completou oito dias nesta quinta-feira, dia 26. Uma mensagem foi encaminhada pela \u201cConfederaci\u00f3n de Sindicatos Bancarios y Afines\u201d (CSTEBA), destacando a profunda solidariedade com os brasileiros pela grande mobiliza\u00e7\u00e3o. \u00a0 \u201cQueremos expressar a proximidade que temos com a luta e reivindica\u00e7\u00f5es da categoria banc\u00e1ria, uma vez [&hellip;]<\/p>\n","protected":false},"author":1,"featured_media":0,"comment_status":"","ping_status":"","sticky":false,"template":"","format":"standard","meta":{"footnotes":""},"categories":[3],"tags":[],"class_list":["post-1519","post","type-post","status-publish","format-standard","hentry","category-noticias"],"_links":{"self":[{"href":"https:\/\/hostnetart.com.br\/baixada\/wp-json\/wp\/v2\/posts\/1519","targetHints":{"allow":["GET"]}}],"collection":[{"href":"https:\/\/hostnetart.com.br\/baixada\/wp-json\/wp\/v2\/posts"}],"about":[{"href":"https:\/\/hostnetart.com.br\/baixada\/wp-json\/wp\/v2\/types\/post"}],"author":[{"embeddable":true,"href":"https:\/\/hostnetart.com.br\/baixada\/wp-json\/wp\/v2\/users\/1"}],"replies":[{"embeddable":true,"href":"https:\/\/hostnetart.com.br\/baixada\/wp-json\/wp\/v2\/comments?post=1519"}],"version-history":[{"count":0,"href":"https:\/\/hostnetart.com.br\/baixada\/wp-json\/wp\/v2\/posts\/1519\/revisions"}],"wp:attachment":[{"href":"https:\/\/hostnetart.com.br\/baixada\/wp-json\/wp\/v2\/media?parent=1519"}],"wp:term":[{"taxonomy":"category","embeddable":true,"href":"https:\/\/hostnetart.com.br\/baixada\/wp-json\/wp\/v2\/categories?post=1519"},{"taxonomy":"post_tag","embeddable":true,"href":"https:\/\/hostnetart.com.br\/baixada\/wp-json\/wp\/v2\/tags?post=1519"}],"curies":[{"name":"wp","href":"https:\/\/api.w.org\/{rel}","templated":true}]}}