{"id":15189,"date":"2024-04-15T15:03:51","date_gmt":"2024-04-15T18:03:51","guid":{"rendered":"https:\/\/hostnetart.com.br\/baixada\/caixa-vacinacao-contra-a-gripe-comeca-nesta-segunda-feira-15\/"},"modified":"2024-04-15T15:03:51","modified_gmt":"2024-04-15T18:03:51","slug":"caixa-vacinacao-contra-a-gripe-comeca-nesta-segunda-feira-15","status":"publish","type":"post","link":"https:\/\/hostnetart.com.br\/baixada\/caixa-vacinacao-contra-a-gripe-comeca-nesta-segunda-feira-15\/","title":{"rendered":"Caixa: vacina\u00e7\u00e3o contra a gripe come\u00e7a nesta segunda-feira (15)"},"content":{"rendered":"<p>Com o objetivo de promover a imuniza\u00e7\u00e3o contra as cepas virais da gripe em circula\u00e7\u00e3o no Brasil, a Caixa Econ\u00f4mica Federal come\u00e7a, nesta segunda-feira (15), a vacina\u00e7\u00e3o das suas empregadas e de seus empregados da ativa. O banco divulgou o calend\u00e1rio de vacina\u00e7\u00e3o na \u00faltima sexta-feira (12), por meio de comunicado interno.<\/p>\n<p>A coordenadora da Comiss\u00e3o Executiva dos Empregados (CEE) da Caixa, Fabiana Uehara Proscholdt, lembra que a vacina\u00e7\u00e3o contra a gripe \u00e9 uma conquista da categoria banc\u00e1ria, em sua luta pela sa\u00fade dos trabalhadores. \u201cPrincipalmente na rede de ag\u00eancias, temos contato com muita gente. \u00c9 importante a vacina\u00e7\u00e3o para evitarmos casos graves e a propaga\u00e7\u00e3o da doen\u00e7a para nossos colegas de trabalho, clientes e familiares\u201d, disse. \u201cPor isso o movimento sindical reivindicou e a Caixa e os demais bancos cumprem essa exig\u00eancia\u201d, completou.<\/p>\n<p>\u201cLamentamos apenas que, mesmo tendo cobrado informa\u00e7\u00f5es antes e refor\u00e7ado a cobran\u00e7a na reuni\u00e3o de negocia\u00e7\u00e3o de ter\u00e7a-feira (9), tenhamos que ficar sabendo do calend\u00e1rio de vacina\u00e7\u00e3o por meio do comunicado geral. Se soub\u00e9ssemos antes, poder\u00edamos ajudar mais na divulga\u00e7\u00e3o, para que o maior n\u00famero poss\u00edvel de empregados se imunize\u201d, lamentou Fabi, como a coordenadora da CEE \u00e9 chamadas por seus colegas de banco.<\/p>\n<h3>Vacina\u00e7\u00e3o da Caixa<\/h3>\n<p>A data da vacina\u00e7\u00e3o difere entre os estados, de acordo com o calend\u00e1rio (abaixo) estabelecido pela Caixa.<\/p>\n<div class=\"wp-block-image\">\n<figure class=\"aligncenter size-large\"><img fetchpriority=\"high\" decoding=\"async\" class=\"wp-image-309559\" src=\"https:\/\/contrafcut.com.br\/wp-content\/uploads\/2024\/04\/calendario-de-vacinacao-caixa-2024.jpeg\" sizes=\"(max-width: 617px) 100vw, 617px\" srcset=\"https:\/\/contrafcut.com.br\/wp-content\/uploads\/2024\/04\/calendario-de-vacinacao-caixa-2024.jpeg 617w, https:\/\/contrafcut.com.br\/wp-content\/uploads\/2024\/04\/calendario-de-vacinacao-caixa-2024-410x154.jpeg 410w\" alt=\"\" width=\"617\" height=\"231\" data-cfsrc=\"https:\/\/contrafcut.com.br\/wp-content\/uploads\/2024\/04\/calendario-de-vacinacao-caixa-2024.jpeg\" \/><\/figure>\n<\/div>\n<p><strong>Fonte: Contraf-CUT<\/strong><\/p>\n","protected":false},"excerpt":{"rendered":"<p>Com o objetivo de promover a imuniza\u00e7\u00e3o contra as cepas virais da gripe em circula\u00e7\u00e3o no Brasil, a Caixa Econ\u00f4mica Federal come\u00e7a, nesta segunda-feira (15), a vacina\u00e7\u00e3o das suas empregadas e de seus empregados da ativa. O banco divulgou o calend\u00e1rio de vacina\u00e7\u00e3o na \u00faltima sexta-feira (12), por meio de comunicado interno. A coordenadora da [&hellip;]<\/p>\n","protected":false},"author":2,"featured_media":15188,"comment_status":"","ping_status":"","sticky":false,"template":"","format":"standard","meta":{"footnotes":""},"categories":[3],"tags":[],"class_list":["post-15189","post","type-post","status-publish","format-standard","has-post-thumbnail","hentry","category-noticias"],"_links":{"self":[{"href":"https:\/\/hostnetart.com.br\/baixada\/wp-json\/wp\/v2\/posts\/15189","targetHints":{"allow":["GET"]}}],"collection":[{"href":"https:\/\/hostnetart.com.br\/baixada\/wp-json\/wp\/v2\/posts"}],"about":[{"href":"https:\/\/hostnetart.com.br\/baixada\/wp-json\/wp\/v2\/types\/post"}],"author":[{"embeddable":true,"href":"https:\/\/hostnetart.com.br\/baixada\/wp-json\/wp\/v2\/users\/2"}],"replies":[{"embeddable":true,"href":"https:\/\/hostnetart.com.br\/baixada\/wp-json\/wp\/v2\/comments?post=15189"}],"version-history":[{"count":0,"href":"https:\/\/hostnetart.com.br\/baixada\/wp-json\/wp\/v2\/posts\/15189\/revisions"}],"wp:featuredmedia":[{"embeddable":true,"href":"https:\/\/hostnetart.com.br\/baixada\/wp-json\/wp\/v2\/media\/15188"}],"wp:attachment":[{"href":"https:\/\/hostnetart.com.br\/baixada\/wp-json\/wp\/v2\/media?parent=15189"}],"wp:term":[{"taxonomy":"category","embeddable":true,"href":"https:\/\/hostnetart.com.br\/baixada\/wp-json\/wp\/v2\/categories?post=15189"},{"taxonomy":"post_tag","embeddable":true,"href":"https:\/\/hostnetart.com.br\/baixada\/wp-json\/wp\/v2\/tags?post=15189"}],"curies":[{"name":"wp","href":"https:\/\/api.w.org\/{rel}","templated":true}]}}