{"id":15185,"date":"2024-04-12T18:22:06","date_gmt":"2024-04-12T21:22:06","guid":{"rendered":"https:\/\/hostnetart.com.br\/baixada\/santander-divulga-calendario-de-vacinacao\/"},"modified":"2024-04-12T18:22:06","modified_gmt":"2024-04-12T21:22:06","slug":"santander-divulga-calendario-de-vacinacao","status":"publish","type":"post","link":"https:\/\/hostnetart.com.br\/baixada\/santander-divulga-calendario-de-vacinacao\/","title":{"rendered":"Santander divulga calend\u00e1rio de vacina\u00e7\u00e3o"},"content":{"rendered":"<\/p>\n<p>A campanha de vacina\u00e7\u00e3o contra a gripe para todos os funcion\u00e1rios do Santander come\u00e7a na segunda-feira (15). A vacina oferecida na campanha \u00e9 a Quadrivalente, desenvolvida para atuar contra 4 cepas do v\u00edrus Influenza: A\/Victoria\/4897\/2022 (H1N1), A\/Thailand\/8\/2022 (H3N2), B\/Austria\/1359417\/2021 (B\/Victoria lineage) e Phuket\/3073\/2013 (B\/Yamagata lineage), uma a mais que a vacina trivalente, que protege contra 3 subtipos diferentes do v\u00edrus influenza.<\/p>\n<figure class=\"wp-block-image size-large\"><img fetchpriority=\"high\" decoding=\"async\" class=\"wp-image-309552\" src=\"https:\/\/contrafcut.com.br\/wp-content\/uploads\/2024\/04\/img-20240412-wa0057-1.jpg\" sizes=\"(max-width: 829px) 100vw, 829px\" srcset=\"https:\/\/contrafcut.com.br\/wp-content\/uploads\/2024\/04\/img-20240412-wa0057-1.jpg 829w, https:\/\/contrafcut.com.br\/wp-content\/uploads\/2024\/04\/img-20240412-wa0057-1-276x230.jpg 276w, https:\/\/contrafcut.com.br\/wp-content\/uploads\/2024\/04\/img-20240412-wa0057-1-768x639.jpg 768w\" alt=\"\" width=\"829\" height=\"690\" data-cfsrc=\"https:\/\/contrafcut.com.br\/wp-content\/uploads\/2024\/04\/img-20240412-wa0057-1.jpg\" \/><\/figure>\n<p>\u201cDe acordo com a Organiza\u00e7\u00e3o Mundial da Sa\u00fade, a Influenza \u00e9 uma doen\u00e7a grave e imprevis\u00edvel, afetando, todos os anos, a sa\u00fade de cerca de um bilh\u00e3o de pessoas ao redor do mundo. Os casos graves acometem de 3 a 5 milh\u00f5es de indiv\u00edduos, com um n\u00famero de mortes respirat\u00f3rias que varia de 290 mil a 650 mil por ano. A melhor maneira de se prevenir \u00e9 vacinando\u201d, declarou Wanessa de Queiroz, coordenadora da Comiss\u00e3o de Organiza\u00e7\u00e3o de Empresa (COE) do Santander.<\/p>\n<p><b>Fonte: Contraf-CUT<\/b><\/p>\n","protected":false},"excerpt":{"rendered":"<p>A campanha de vacina\u00e7\u00e3o contra a gripe para todos os funcion\u00e1rios do Santander come\u00e7a na segunda-feira (15). A vacina oferecida na campanha \u00e9 a Quadrivalente, desenvolvida para atuar contra 4 cepas do v\u00edrus Influenza: A\/Victoria\/4897\/2022 (H1N1), A\/Thailand\/8\/2022 (H3N2), B\/Austria\/1359417\/2021 (B\/Victoria lineage) e Phuket\/3073\/2013 (B\/Yamagata lineage), uma a mais que a vacina trivalente, que protege contra [&hellip;]<\/p>\n","protected":false},"author":2,"featured_media":15184,"comment_status":"","ping_status":"","sticky":false,"template":"","format":"standard","meta":{"footnotes":""},"categories":[3],"tags":[],"class_list":["post-15185","post","type-post","status-publish","format-standard","has-post-thumbnail","hentry","category-noticias"],"_links":{"self":[{"href":"https:\/\/hostnetart.com.br\/baixada\/wp-json\/wp\/v2\/posts\/15185","targetHints":{"allow":["GET"]}}],"collection":[{"href":"https:\/\/hostnetart.com.br\/baixada\/wp-json\/wp\/v2\/posts"}],"about":[{"href":"https:\/\/hostnetart.com.br\/baixada\/wp-json\/wp\/v2\/types\/post"}],"author":[{"embeddable":true,"href":"https:\/\/hostnetart.com.br\/baixada\/wp-json\/wp\/v2\/users\/2"}],"replies":[{"embeddable":true,"href":"https:\/\/hostnetart.com.br\/baixada\/wp-json\/wp\/v2\/comments?post=15185"}],"version-history":[{"count":0,"href":"https:\/\/hostnetart.com.br\/baixada\/wp-json\/wp\/v2\/posts\/15185\/revisions"}],"wp:featuredmedia":[{"embeddable":true,"href":"https:\/\/hostnetart.com.br\/baixada\/wp-json\/wp\/v2\/media\/15184"}],"wp:attachment":[{"href":"https:\/\/hostnetart.com.br\/baixada\/wp-json\/wp\/v2\/media?parent=15185"}],"wp:term":[{"taxonomy":"category","embeddable":true,"href":"https:\/\/hostnetart.com.br\/baixada\/wp-json\/wp\/v2\/categories?post=15185"},{"taxonomy":"post_tag","embeddable":true,"href":"https:\/\/hostnetart.com.br\/baixada\/wp-json\/wp\/v2\/tags?post=15185"}],"curies":[{"name":"wp","href":"https:\/\/api.w.org\/{rel}","templated":true}]}}