{"id":15183,"date":"2024-04-12T18:20:28","date_gmt":"2024-04-12T21:20:28","guid":{"rendered":"https:\/\/hostnetart.com.br\/baixada\/contraf-cut-realiza-4-seminario-juridico-nacional\/"},"modified":"2024-04-12T18:20:28","modified_gmt":"2024-04-12T21:20:28","slug":"contraf-cut-realiza-4-seminario-juridico-nacional","status":"publish","type":"post","link":"https:\/\/hostnetart.com.br\/baixada\/contraf-cut-realiza-4-seminario-juridico-nacional\/","title":{"rendered":"Contraf-CUT realiza 4\u00ba Semin\u00e1rio Jur\u00eddico Nacional"},"content":{"rendered":"<\/p>\n<p>A Secretaria de Assuntos Jur\u00eddicos da Confedera\u00e7\u00e3o Nacional dos Trabalhadores do Ramo Financeiro (Contraf-CUT) realiza, nos dias 23 e 24 de abril, o 4\u00ba Semin\u00e1rio Jur\u00eddico Nacional. Dirigido a secret\u00e1rias e secret\u00e1rios da \u00e1rea jur\u00eddica de federa\u00e7\u00f5es e sindicatos filiados, bem como a suas assessorias ligadas ao tema. O evento ser\u00e1 presencial na cidade de S\u00e3o Paulo. As inscri\u00e7\u00f5es devem ser feitas at\u00e9 o dia 19, conforme orienta\u00e7\u00e3o encaminhada \u00e0s entidades.<\/p>\n<p>Entre os participantes est\u00e3o a presidenta da Contraf-CUT, Juvandia Moreira, e a presidenta do Sindicato dos Trabalhadores do Ramo Financeiro de S\u00e3o Paulo, Osasco e Regi\u00e3o (Seeb-SP), Neiva Ribeiro, que s\u00e3o coordenadoras do Comando Nacional dos Banc\u00e1rios; o secret\u00e1rio de Assuntos Jur\u00eddicos da Contraf-CUT, Lourival Rodrigues; o assessor jur\u00eddico da entidade, Jefferson Oliveira; a assessora jur\u00eddica do Seeb-SP, L\u00facia Noronha; o advogado especialista em direitos humanos Nilo Beiro, diretor do Instituto Lavoro; e a procuradora do Trabalho, vice-coordenadora da Coordenadoria Nacional de Promo\u00e7\u00e3o da Liberdade Sindical e do Di\u00e1logo Social (Conalis), do Minist\u00e9rio P\u00fablico do Trabalho (MPT), Priscila Moreto.<\/p>\n<p>O ex-presidente da CUT Nacional e atual ministro do Trabalho e Emprego, Luiz Marinho, tamb\u00e9m deve participar, com a palestra \u201cGoverno Lula 3: as perspectivas do mundo do trabalho\u201d. No evento tamb\u00e9m ser\u00e1 lan\u00e7ado o caderno <em>Teletrabalho \u2013 direitos e conquistas da categoria banc\u00e1ria<\/em>, publica\u00e7\u00e3o da Contraf-CUT com todas as informa\u00e7\u00f5es da negocia\u00e7\u00e3o feita com os bancos na Campanha Nacional de 2022, que resultou em um acordo consistente, que garante, a banc\u00e1rias e banc\u00e1rios, direitos trabalhistas e condi\u00e7\u00f5es dignas de atua\u00e7\u00e3o na modalidade.<\/p>\n<p>O secret\u00e1rio Lourival Rodrigues pontua que \u201co evento tem grande import\u00e2ncia, pois antecede a Confer\u00eancia Nacional dos Banc\u00e1rios, em junho, e a Campanha Nacional, que come\u00e7a logo em seguida\u201d. O secret\u00e1rio afirma que, \u201cpor isso, a programa\u00e7\u00e3o privilegia temas relacionados \u00e0 conjuntura nacional, regula\u00e7\u00e3o do teletrabalho, perspectivas das negocia\u00e7\u00f5es, atualiza\u00e7\u00e3o t\u00e9cnico-jur\u00eddica da pauta de reivindica\u00e7\u00e3o, perspectivas do governo Lula e pejotiza\u00e7\u00e3o das rela\u00e7\u00f5es de trabalho\u201d.<\/p>\n<p>Para Lourival, \u201co objetivo maior do 4\u00ba Semin\u00e1rio Jur\u00eddico Nacional da Contraf-CUT \u00e9 aprofundar a discuss\u00e3o das quest\u00f5es contempor\u00e2neas de interesse da categoria banc\u00e1ria, de forma a contribuir com os debates nos sindicatos e federa\u00e7\u00f5es, com a organiza\u00e7\u00e3o da categoria e com o fortalecimento da luta dos trabalhadores em geral\u201d.<\/p>\n<p><strong>Fonte: Contraf-CUT<\/strong><\/p>\n","protected":false},"excerpt":{"rendered":"<p>A Secretaria de Assuntos Jur\u00eddicos da Confedera\u00e7\u00e3o Nacional dos Trabalhadores do Ramo Financeiro (Contraf-CUT) realiza, nos dias 23 e 24 de abril, o 4\u00ba Semin\u00e1rio Jur\u00eddico Nacional. Dirigido a secret\u00e1rias e secret\u00e1rios da \u00e1rea jur\u00eddica de federa\u00e7\u00f5es e sindicatos filiados, bem como a suas assessorias ligadas ao tema. O evento ser\u00e1 presencial na cidade de [&hellip;]<\/p>\n","protected":false},"author":2,"featured_media":15182,"comment_status":"","ping_status":"","sticky":false,"template":"","format":"standard","meta":{"footnotes":""},"categories":[3],"tags":[],"class_list":["post-15183","post","type-post","status-publish","format-standard","has-post-thumbnail","hentry","category-noticias"],"_links":{"self":[{"href":"https:\/\/hostnetart.com.br\/baixada\/wp-json\/wp\/v2\/posts\/15183","targetHints":{"allow":["GET"]}}],"collection":[{"href":"https:\/\/hostnetart.com.br\/baixada\/wp-json\/wp\/v2\/posts"}],"about":[{"href":"https:\/\/hostnetart.com.br\/baixada\/wp-json\/wp\/v2\/types\/post"}],"author":[{"embeddable":true,"href":"https:\/\/hostnetart.com.br\/baixada\/wp-json\/wp\/v2\/users\/2"}],"replies":[{"embeddable":true,"href":"https:\/\/hostnetart.com.br\/baixada\/wp-json\/wp\/v2\/comments?post=15183"}],"version-history":[{"count":0,"href":"https:\/\/hostnetart.com.br\/baixada\/wp-json\/wp\/v2\/posts\/15183\/revisions"}],"wp:featuredmedia":[{"embeddable":true,"href":"https:\/\/hostnetart.com.br\/baixada\/wp-json\/wp\/v2\/media\/15182"}],"wp:attachment":[{"href":"https:\/\/hostnetart.com.br\/baixada\/wp-json\/wp\/v2\/media?parent=15183"}],"wp:term":[{"taxonomy":"category","embeddable":true,"href":"https:\/\/hostnetart.com.br\/baixada\/wp-json\/wp\/v2\/categories?post=15183"},{"taxonomy":"post_tag","embeddable":true,"href":"https:\/\/hostnetart.com.br\/baixada\/wp-json\/wp\/v2\/tags?post=15183"}],"curies":[{"name":"wp","href":"https:\/\/api.w.org\/{rel}","templated":true}]}}