{"id":15181,"date":"2024-04-12T18:19:17","date_gmt":"2024-04-12T21:19:17","guid":{"rendered":"https:\/\/hostnetart.com.br\/baixada\/eleicao-previ-comecou-nesta-sexta-12\/"},"modified":"2024-04-12T18:19:17","modified_gmt":"2024-04-12T21:19:17","slug":"eleicao-previ-comecou-nesta-sexta-12","status":"publish","type":"post","link":"https:\/\/hostnetart.com.br\/baixada\/eleicao-previ-comecou-nesta-sexta-12\/","title":{"rendered":"Elei\u00e7\u00e3o Previ: come\u00e7ou nesta sexta (12)"},"content":{"rendered":"<p>\u00a0<\/p>\n<p>Come\u00e7ou nesta sexta-feira (12) o per\u00edodo de vota\u00e7\u00e3o das Elei\u00e7\u00f5es Previ que, neste ano, definir\u00e1 os ocupantes para cargos no Conselho Deliberativo, Conselho Fiscal e Diretoria de Seguridade. A vota\u00e7\u00e3o termina dia 26 de abril, mas as entidades que apoiam o funcionalismo do Banco do Brasil orientam n\u00e3o deixar para a \u00faltima hora.<\/p>\n<h3>Quem pode participar e como votar<\/h3>\n<p>Participantes e assistidos, maiores de 18 anos, inscritos nos planos de benef\u00edcios da Previ at\u00e9 o dia 31 de janeiro deste ano podem participar das vota\u00e7\u00f5es.<\/p>\n<p>O voto pode ser feito nas seguintes plataformas: site da Previ, aplicativo (app) da Previ no celular, terminais de autoatendimento (TAA) ou SISBB (este, exclusivo para funcion\u00e1rios da ativa).<\/p>\n<p>Para votar no site da entidade, acesse: <a href=\"https:\/\/votacao.previ.com.br\/votacaoweb\/\" target=\"_blank\" rel=\"noopener noreferrer\">https:\/\/votacao.previ.com.br\/votacaoweb\/<\/a><\/p>\n<h3>Contraf-CUT e sindicatos apoiam Chapa 1<\/h3>\n<p>A Confedera\u00e7\u00e3o Nacional dos Trabalhadores do Ramo Financeiro (Contraf-CUT) e entidades representativas dos trabalhadores da ativa e aposentados apoiam a Chapa 1 \u201cPrevi para os Associados\u201d.<\/p>\n<p>Em sua conta no Instagram, a presidenta da Contraf-CUT, Juvandia Moreira, escreveu que, a entidade apoia a Chapa 1 \u201cporque \u00e9 formada por trabalhadores e trabalhadoras do BB com compet\u00eancia e hist\u00f3ria na gest\u00e3o da entidade\u201d. Ela segue dizendo que a \u201cPrevi \u00e9 um patrim\u00f4nio dos funcion\u00e1rios do BB e refer\u00eancia para todo o sistema de previd\u00eancia fechada, por causa do seu modelo de gest\u00e3o transparente e que entrega resultados todos os anos. Por tudo isso, eu pe\u00e7o o seu voto na Chapa 1, para que a Previ continue segura e no caminho certo\u201d.<\/p>\n<p>A coordenadora da Comiss\u00e3o de Empresa dos Funcion\u00e1rios do Banco do Brasil (CEBB), Fernanda Lopes, por sua vez, explicou que a Chapa 1 \u201c\u00e9 composta por associados que sempre estiveram comprometidos com o fortalecimento da Previ, na defesa dos interesses dos associados e do BB como institui\u00e7\u00e3o p\u00fablica\u201d.<\/p>\n<p>Fernanda completou que \u00e9 muito importante a participa\u00e7\u00e3o de todos e todas na vota\u00e7\u00e3o: \u201cVamos exercer este direito, conquistado, ao longo da hist\u00f3ria da Previ, que \u00e9 poder ter representatividade de associados e associadas em conselhos e diretorias. Esse modelo de gest\u00e3o \u00e9 o que garante a Previ forte e segura, contra interesses que n\u00e3o s\u00e3o os dos trabalhadores do BB, por uma aposentadoria digna e segura para n\u00f3s e nossos familiares\u201d, concluiu.<\/p>\n<p><strong><a href=\"https:\/\/previparaosassociados.com.br\/\" target=\"_blank\" rel=\"noopener noreferrer\">Clique aqui <\/a><\/strong>e conhe\u00e7a todas as propostas e os candidatos da Chapa 1.<\/p>\n<h3>Alguns dos compromissos da Chapa 1<\/h3>\n<p>\u2022 FGTS na m\u00e3o dos associados mais r\u00e1pido: agilizar a utiliza\u00e7\u00e3o do fundo de garantia para amortizar presta\u00e7\u00f5es do financiamento;<br \/>\u2022 Melhorar a satisfa\u00e7\u00e3o dos associados e das associadas em sua experi\u00eancia nos canais de relacionamento com a Previ;<br \/>\u2022 Pela filia\u00e7\u00e3o dos funcion\u00e1rios oriundos dos bancos incorporados ao Previ Futuro e pela administra\u00e7\u00e3o dos seus planos de benef\u00edcios;<br \/>\u2022 Pelo fim do voto de minerva no Conselho Deliberativo e a volta dos direitos do corpo social;<br \/>\u2022 Contra a norma de \u201ccontabiliza\u00e7\u00e3o dos t\u00edtulos p\u00fablicos e do passivo a mercado\u201d, que traz incertezas sobre os planos de investimentos;<br \/>\u2022 Manuten\u00e7\u00e3o da estrutura de governan\u00e7a parit\u00e1ria e do corpo t\u00e9cnico composto por associados dos planos e contra o PL 268, que amea\u00e7a a representa\u00e7\u00e3o dos trabalhadores nos fundos de pens\u00e3o;<br \/>\u2022 Digitaliza\u00e7\u00e3o dos processos para agilizar o atendimento e diminuir a burocracia;<br \/>\u2022 Melhorar a comunica\u00e7\u00e3o com pensionistas e fortalecer a Ouvidoria.<\/p>\n<p><strong>Fonte: Contraf-CUT<\/strong><\/p>\n","protected":false},"excerpt":{"rendered":"<p>\u00a0 Come\u00e7ou nesta sexta-feira (12) o per\u00edodo de vota\u00e7\u00e3o das Elei\u00e7\u00f5es Previ que, neste ano, definir\u00e1 os ocupantes para cargos no Conselho Deliberativo, Conselho Fiscal e Diretoria de Seguridade. A vota\u00e7\u00e3o termina dia 26 de abril, mas as entidades que apoiam o funcionalismo do Banco do Brasil orientam n\u00e3o deixar para a \u00faltima hora. Quem [&hellip;]<\/p>\n","protected":false},"author":2,"featured_media":15180,"comment_status":"","ping_status":"","sticky":false,"template":"","format":"standard","meta":{"footnotes":""},"categories":[3],"tags":[],"class_list":["post-15181","post","type-post","status-publish","format-standard","has-post-thumbnail","hentry","category-noticias"],"_links":{"self":[{"href":"https:\/\/hostnetart.com.br\/baixada\/wp-json\/wp\/v2\/posts\/15181","targetHints":{"allow":["GET"]}}],"collection":[{"href":"https:\/\/hostnetart.com.br\/baixada\/wp-json\/wp\/v2\/posts"}],"about":[{"href":"https:\/\/hostnetart.com.br\/baixada\/wp-json\/wp\/v2\/types\/post"}],"author":[{"embeddable":true,"href":"https:\/\/hostnetart.com.br\/baixada\/wp-json\/wp\/v2\/users\/2"}],"replies":[{"embeddable":true,"href":"https:\/\/hostnetart.com.br\/baixada\/wp-json\/wp\/v2\/comments?post=15181"}],"version-history":[{"count":0,"href":"https:\/\/hostnetart.com.br\/baixada\/wp-json\/wp\/v2\/posts\/15181\/revisions"}],"wp:featuredmedia":[{"embeddable":true,"href":"https:\/\/hostnetart.com.br\/baixada\/wp-json\/wp\/v2\/media\/15180"}],"wp:attachment":[{"href":"https:\/\/hostnetart.com.br\/baixada\/wp-json\/wp\/v2\/media?parent=15181"}],"wp:term":[{"taxonomy":"category","embeddable":true,"href":"https:\/\/hostnetart.com.br\/baixada\/wp-json\/wp\/v2\/categories?post=15181"},{"taxonomy":"post_tag","embeddable":true,"href":"https:\/\/hostnetart.com.br\/baixada\/wp-json\/wp\/v2\/tags?post=15181"}],"curies":[{"name":"wp","href":"https:\/\/api.w.org\/{rel}","templated":true}]}}