{"id":15179,"date":"2024-04-11T19:19:29","date_gmt":"2024-04-11T22:19:29","guid":{"rendered":"https:\/\/hostnetart.com.br\/baixada\/financiarios-aprovam-pauta-de-reivindicacao-em-assembleia\/"},"modified":"2024-04-11T19:19:29","modified_gmt":"2024-04-11T22:19:29","slug":"financiarios-aprovam-pauta-de-reivindicacao-em-assembleia","status":"publish","type":"post","link":"https:\/\/hostnetart.com.br\/baixada\/financiarios-aprovam-pauta-de-reivindicacao-em-assembleia\/","title":{"rendered":"Financi\u00e1rios aprovam pauta de reivindica\u00e7\u00e3o em assembleia"},"content":{"rendered":"<\/p>\n<p>A pauta de reivindica\u00e7\u00f5es de financi\u00e1rias e financi\u00e1rios foi aprovada em assembleia da categoria, realizada de modo virtual, nesta ter\u00e7a (9) e quarta-feira (10). Agora, a partir da delibera\u00e7\u00e3o, ser\u00e1 formalizada a minuta com os termos de negocia\u00e7\u00e3o, que ser\u00e1 apresentada pela representa\u00e7\u00e3o dos trabalhadores \u00e0 Fenacrefi, o sindicato patronal que representa as financeiras.<\/p>\n<p>Esse \u00e9 o in\u00edcio da Campanha Nacional dos Financi\u00e1rios 2024, quando os trabalhadores de financeiras como Nubank, Portoseg, Alfa, Easycred, JBCred, BRK, Midway, Crefisa, CCB e Aymor\u00e9, entre outras, se organizam e se mobilizam junto aos sindicatos para reivindicar aumento de sal\u00e1rio e PLR e a manuten\u00e7\u00e3o de todos os direitos inclu\u00eddos na Conven\u00e7\u00e3o Coletiva de Trabalho (CCT), al\u00e9m de lutar pela amplia\u00e7\u00e3o de direitos.<\/p>\n<p>Dos participantes, 82,04% votaram a favor da aprova\u00e7\u00e3o da minuta aprovada e 11,38% contra, al\u00e9m de 6,59% que se abstiveram. \u201cAgora, com a aprova\u00e7\u00e3o, vamos preparar a minuta e definir as cl\u00e1usulas priorit\u00e1rias, para, em seguida, agendar a data de entrega do documento para a Fenacrefi. Nessa ocasi\u00e3o, tamb\u00e9m vamos tirar um calend\u00e1rio da mesa de negocia\u00e7\u00f5es\u201d, diz Jair Alves, coordenador do Coletivo Nacional dos Financi\u00e1rios da Confedera\u00e7\u00e3o Nacional dos Trabalhadores do Ramo Financeiro (Contraf-CUT).<\/p>\n<p>Jair tamb\u00e9m informa que \u201co objetivo de nossa Campanha, este ano, \u00e9 a renova\u00e7\u00e3o da CCT, na qual est\u00e3o clausulados todos os direitos, benef\u00edcios e condi\u00e7\u00f5es da categoria dos financi\u00e1rios, al\u00e9m da luta para a conquista de novos direitos\u201d.<\/p>\n<p><strong>Fonte: Contraf-CUT<\/strong><\/p>\n","protected":false},"excerpt":{"rendered":"<p>A pauta de reivindica\u00e7\u00f5es de financi\u00e1rias e financi\u00e1rios foi aprovada em assembleia da categoria, realizada de modo virtual, nesta ter\u00e7a (9) e quarta-feira (10). Agora, a partir da delibera\u00e7\u00e3o, ser\u00e1 formalizada a minuta com os termos de negocia\u00e7\u00e3o, que ser\u00e1 apresentada pela representa\u00e7\u00e3o dos trabalhadores \u00e0 Fenacrefi, o sindicato patronal que representa as financeiras. Esse [&hellip;]<\/p>\n","protected":false},"author":2,"featured_media":15178,"comment_status":"","ping_status":"","sticky":false,"template":"","format":"standard","meta":{"footnotes":""},"categories":[3],"tags":[],"class_list":["post-15179","post","type-post","status-publish","format-standard","has-post-thumbnail","hentry","category-noticias"],"_links":{"self":[{"href":"https:\/\/hostnetart.com.br\/baixada\/wp-json\/wp\/v2\/posts\/15179","targetHints":{"allow":["GET"]}}],"collection":[{"href":"https:\/\/hostnetart.com.br\/baixada\/wp-json\/wp\/v2\/posts"}],"about":[{"href":"https:\/\/hostnetart.com.br\/baixada\/wp-json\/wp\/v2\/types\/post"}],"author":[{"embeddable":true,"href":"https:\/\/hostnetart.com.br\/baixada\/wp-json\/wp\/v2\/users\/2"}],"replies":[{"embeddable":true,"href":"https:\/\/hostnetart.com.br\/baixada\/wp-json\/wp\/v2\/comments?post=15179"}],"version-history":[{"count":0,"href":"https:\/\/hostnetart.com.br\/baixada\/wp-json\/wp\/v2\/posts\/15179\/revisions"}],"wp:featuredmedia":[{"embeddable":true,"href":"https:\/\/hostnetart.com.br\/baixada\/wp-json\/wp\/v2\/media\/15178"}],"wp:attachment":[{"href":"https:\/\/hostnetart.com.br\/baixada\/wp-json\/wp\/v2\/media?parent=15179"}],"wp:term":[{"taxonomy":"category","embeddable":true,"href":"https:\/\/hostnetart.com.br\/baixada\/wp-json\/wp\/v2\/categories?post=15179"},{"taxonomy":"post_tag","embeddable":true,"href":"https:\/\/hostnetart.com.br\/baixada\/wp-json\/wp\/v2\/tags?post=15179"}],"curies":[{"name":"wp","href":"https:\/\/api.w.org\/{rel}","templated":true}]}}