{"id":15177,"date":"2024-04-11T16:39:59","date_gmt":"2024-04-11T19:39:59","guid":{"rendered":"https:\/\/hostnetart.com.br\/baixada\/funcef-precisa-de-diretoria-e-conselheiros-capacitados\/"},"modified":"2024-04-11T16:39:59","modified_gmt":"2024-04-11T19:39:59","slug":"funcef-precisa-de-diretoria-e-conselheiros-capacitados","status":"publish","type":"post","link":"https:\/\/hostnetart.com.br\/baixada\/funcef-precisa-de-diretoria-e-conselheiros-capacitados\/","title":{"rendered":"Funcef precisa de diretoria e conselheiros capacitados"},"content":{"rendered":"<p>Nos \u00faltimos anos, a Funcef e os participantes de seus planos t\u00eam enfrentado in\u00fameras dificuldades e ataques, com projetos de lei e resolu\u00e7\u00f5es de \u00f3rg\u00e3os de controle que reduzem as responsabilidades das empresas p\u00fablicas e retiram direitos dos participantes. Tais medidas reduzem os custos operacionais e aumentam ainda mais o interesse do sistema financeiro privado nas carteiras de planos da Funcef.<\/p>\n<p>S\u00e3o a\u00e7\u00f5es que v\u00e3o desde tentativas de acabar com os planos de benef\u00edcio definido (BD), que garantem renda mensal vital\u00edcia, at\u00e9 a retirada de patroc\u00ednios e a expuls\u00e3o dos participantes da administra\u00e7\u00e3o das entidades de previd\u00eancia. Tais a\u00e7\u00f5es afetam n\u00e3o apenas os planos da Funcef, mas tamb\u00e9m os de outras empresas p\u00fablicas.<\/p>\n<p>Para reverter as duras medidas, precisamos de pessoas capacitadas para exercer suas fun\u00e7\u00f5es, articuladas com representantes eleitos de outras empresas p\u00fablicas, com as entidades de representa\u00e7\u00e3o sindical dos trabalhadores e com o Congresso Nacional. A ideia \u00e9 fazer bem o trabalho interno e somar for\u00e7as para exigir, no Conselho Nacional de Previd\u00eancia Complementar, que sejam feitas as mudan\u00e7as necess\u00e1rias para se evitar perdas aos trabalhadores.<\/p>\n<p>Por isso, o Sindicato dos Banc\u00e1rios da Baixada Fluminense, a Confedera\u00e7\u00e3o Nacional dos Trabalhadores do Ramo Financeiro (Contraf-CUT) e a\u00a0Federa\u00e7\u00e3o dos Trabalhadores do Ramo Financeiro dos Estados do Rio de Janeiro e Esp\u00edrito Santo (Fetraf RJ\/ES) apoiam e pedem o voto dos participantes da ativa e assistidos pelos planos de previd\u00eancia da Funcef para os candidatos do Movimento em Defesa da Funcef.<\/p>\n<h3><strong>Compromisso e capacidade<\/strong><\/h3>\n<p>\u201cS\u00e3o pessoas capacitadas e que t\u00eam compromisso com a luta em defesa da Funcef, de seus participantes e das empregadas e empregados da Caixa de forma geral\u201d, disse a coordenadora da Comiss\u00e3o Executiva dos Empregados (CEE) da Caixa, Fabiana Uehara Proscholdt, a Fabi, como \u00e9 chamada por seus colegas de trabalho no banco. \u201cEstas pessoas v\u00e3o dar o melhor de si para fazer a melhor gest\u00e3o na Funcef\u201d, completou.<\/p>\n<p>Fabi ressalta a import\u00e2ncia da capacita\u00e7\u00e3o t\u00e9cnica e da representatividade e articula\u00e7\u00e3o dos candidatos do Movimento em Defesa da Funcef. \u201cNada melhor do que ter um contador com especializa\u00e7\u00e3o em controladoria, que luta em defesa dos trabalhadores, para represent\u00e1-los na diretoria da Funcef\u201d, disse ao fazer refer\u00eancia a Leonardo Quadros, que \u00e9 presidente da Apcef\/SP, diretor de Sa\u00fade e Previd\u00eancia da Fenae, e \u00e9 formado Ci\u00eancias Cont\u00e1beis pela USP, com especializa\u00e7\u00e3o em Controladoria, Auditoria e Per\u00edcia Cont\u00e1bil. \u201cMas todos s\u00e3o comprometidos com a luta dos trabalhadores e altamente capacitados\u201d, completou.<\/p>\n<p>Veja abaixo o curr\u00edculo resumido das candidatas e candidatos do Movimento em Defesa da Funcef, todos apoiados pela Contraf e pela maioria das entidades de representa\u00e7\u00e3o e associativas das empregadas e empregados da Caixa.<\/p>\n<h3><strong>Diretoria de Administra\u00e7\u00e3o e Controladoria<\/strong><\/h3>\n<p><strong>Leonardo dos Santos Quadros<\/strong><br \/>Empregado da Caixa h\u00e1 mais de 20 anos. J\u00e1 exerceu diversas fun\u00e7\u00f5es na Caixa, sendo a \u00faltima como Gerente de Carteira PF. Foi dirigente da Fetec\/SP, atuando na mesa de negocia\u00e7\u00e3o permanente entre 2017 e 2022 e fazendo parte de diversos grupos de trabalho. Desde 2020 \u00e9 diretor-presidente da Apcef\/SP e, desde 2023, diretor de Sa\u00fade e Previd\u00eancia da Fenae.<\/p>\n<p>Formado em Ci\u00eancias Cont\u00e1beis pela Faculdade de Administra\u00e7\u00e3o e Economia da USP (FEA-USP), possui especializa\u00e7\u00e3o em Controladoria, Auditoria e Per\u00edcia Cont\u00e1bil. Atualmente, cursa p\u00f3s-gradua\u00e7\u00e3o em Gest\u00e3o de Projetos pelo Instituto Federal de S\u00e3o Paulo (IFSP).<\/p>\n<h3><strong>Conselho Fiscal<\/strong><\/h3>\n<p><strong>Wagner Ferreira \u2013 Titular<br \/><\/strong>Empregado da Caixa h\u00e1 35 anos. Exerce fun\u00e7\u00e3o gerencial h\u00e1 mais de 20. \u00c9 gestor da equipe de Inova\u00e7\u00e3o e Apoio \u00e0 Gest\u00e3o na Centralizadora Nacional de Concilia\u00e7\u00e3o Cont\u00e1bil e Qualifica\u00e7\u00e3o de Dados.<\/p>\n<p>Graduado em An\u00e1lise e Desenvolvimento de Sistemas. P\u00f3s-graduado em Gest\u00e3o, Contabilidade e Finan\u00e7as Empresariais e p\u00f3s-graduando em Gest\u00e3o Previdenci\u00e1ria e Regimes Pr\u00f3prios de Previd\u00eancia.<\/p>\n<p>Membro licenciado do Comit\u00ea de Investimentos da Funcef 2023-2024.<\/p>\n<p>Diretor Financeiro na Apcef\/ES.<\/p>\n<p><strong>Mizaki Toshio \u2013 Suplente<br \/><\/strong>Empregado da Caixa h\u00e1 34 anos. J\u00e1 trabalhou em diversas ag\u00eancias do interior de S\u00e3o Paulo, exerceu a fun\u00e7\u00e3o gerencial por 15 anos e atualmente \u00e9 Gerente de Carteira.<\/p>\n<p>Formado em Direito e p\u00f3s-graduado em Gest\u00e3o Empresarial. Desde 2022 participa da Comiss\u00e3o de Negocia\u00e7\u00e3o Caixa\/Contec. Participa das Comiss\u00f5es Bipartites Fenaban\/Contec: Sa\u00fade no Trabalho e Rela\u00e7\u00f5es Sindicais.<\/p>\n<p>Atualmente \u00e9 presidente Sindicato Banc\u00e1rios de Ja\u00fa. \u00c9 membro da Agecef e Apea.<\/p>\n<h3><strong>Conselho Deliberativo<\/strong><\/h3>\n<p><strong>Maria Gaia \u2013 Titular<br \/><\/strong>Empregada da Caixa h\u00e1 34 anos. J\u00e1 exerceu fun\u00e7\u00f5es nas \u00e1reas de Recupera\u00e7\u00e3o de Cr\u00e9dito, Pessoas e Governo. Foi representante Caixa no munic\u00edpio de Santar\u00e9m\/PA. Desde 2014 mora em Bras\u00edlia, tendo trabalhado em \u00e1reas da VIGOV.<\/p>\n<p>Atualmente exerce os mandatos de conselheira do Instituto Cooperforte, diretora de Rela\u00e7\u00f5es Institucionais da Fetec-CN e suplente eleita pelos participantes no Conselho Deliberativo da Funcef.<\/p>\n<p>\u00c9 formada em Direito e p\u00f3s-graduada em Direito Previdenci\u00e1rio, Finan\u00e7as Corporativas e Mercado Financeiro; certificada CPA-20.<\/p>\n<p><strong>Amanda Leite \u2013 Suplente<br \/><\/strong>Empregada Caixa desde 2012. Trabalhou como assistente pessoa f\u00edsica e gerente de carteira, no Rio de Janeiro. Exerce fun\u00e7\u00e3o gerencial em Curitiba, com foco em carteira de investimentos e cr\u00e9dito habitacional.<\/p>\n<p>Em 2021 foi eleita para o Conselho Deliberativo da Apcef\/PR e recentemente foi eleita para Conselho Fiscal da entidade. \u00c9 diretora de Eventos da Agecef\/PR.<\/p>\n<p>Especialista em Gest\u00e3o de Neg\u00f3cios e Produ\u00e7\u00e3o de Eventos, com \u00eanfase em Administra\u00e7\u00e3o pela PUC-PR. P\u00f3s-graduanda em Gest\u00e3o de Pessoas e Administra\u00e7\u00e3o, Finan\u00e7as e Gera\u00e7\u00e3o de Valor, pela PUC-RS.<\/p>\n<p><strong>&gt;&gt;&gt;&gt;&gt;<\/strong>\u00a0<a href=\"https:\/\/contrafcut.com.br\/jornal-mdf-nacional-online1\" target=\"_blank\" rel=\"noopener noreferrer\">Conhe\u00e7a mais sobre os candidatos e suas propostas<\/a><\/p>\n<p><strong>Fonte: Contraf-CUT<\/strong><\/p>\n","protected":false},"excerpt":{"rendered":"<p>Nos \u00faltimos anos, a Funcef e os participantes de seus planos t\u00eam enfrentado in\u00fameras dificuldades e ataques, com projetos de lei e resolu\u00e7\u00f5es de \u00f3rg\u00e3os de controle que reduzem as responsabilidades das empresas p\u00fablicas e retiram direitos dos participantes. Tais medidas reduzem os custos operacionais e aumentam ainda mais o interesse do sistema financeiro privado [&hellip;]<\/p>\n","protected":false},"author":2,"featured_media":15176,"comment_status":"","ping_status":"","sticky":false,"template":"","format":"standard","meta":{"footnotes":""},"categories":[3],"tags":[],"class_list":["post-15177","post","type-post","status-publish","format-standard","has-post-thumbnail","hentry","category-noticias"],"_links":{"self":[{"href":"https:\/\/hostnetart.com.br\/baixada\/wp-json\/wp\/v2\/posts\/15177","targetHints":{"allow":["GET"]}}],"collection":[{"href":"https:\/\/hostnetart.com.br\/baixada\/wp-json\/wp\/v2\/posts"}],"about":[{"href":"https:\/\/hostnetart.com.br\/baixada\/wp-json\/wp\/v2\/types\/post"}],"author":[{"embeddable":true,"href":"https:\/\/hostnetart.com.br\/baixada\/wp-json\/wp\/v2\/users\/2"}],"replies":[{"embeddable":true,"href":"https:\/\/hostnetart.com.br\/baixada\/wp-json\/wp\/v2\/comments?post=15177"}],"version-history":[{"count":0,"href":"https:\/\/hostnetart.com.br\/baixada\/wp-json\/wp\/v2\/posts\/15177\/revisions"}],"wp:featuredmedia":[{"embeddable":true,"href":"https:\/\/hostnetart.com.br\/baixada\/wp-json\/wp\/v2\/media\/15176"}],"wp:attachment":[{"href":"https:\/\/hostnetart.com.br\/baixada\/wp-json\/wp\/v2\/media?parent=15177"}],"wp:term":[{"taxonomy":"category","embeddable":true,"href":"https:\/\/hostnetart.com.br\/baixada\/wp-json\/wp\/v2\/categories?post=15177"},{"taxonomy":"post_tag","embeddable":true,"href":"https:\/\/hostnetart.com.br\/baixada\/wp-json\/wp\/v2\/tags?post=15177"}],"curies":[{"name":"wp","href":"https:\/\/api.w.org\/{rel}","templated":true}]}}