{"id":1517,"date":"2013-09-27T00:00:00","date_gmt":"2013-09-27T03:00:00","guid":{"rendered":"https:\/\/hostnetart.com.br\/baixada\/liminar-garante-acesso-de-dirigentes-sindicais-no-bb-em-brasilia\/"},"modified":"2013-09-27T00:00:00","modified_gmt":"2013-09-27T03:00:00","slug":"liminar-garante-acesso-de-dirigentes-sindicais-no-bb-em-brasilia","status":"publish","type":"post","link":"https:\/\/hostnetart.com.br\/baixada\/liminar-garante-acesso-de-dirigentes-sindicais-no-bb-em-brasilia\/","title":{"rendered":"Liminar garante acesso de dirigentes sindicais no BB em Bras\u00edlia"},"content":{"rendered":"<p>O Sindicato dos Banc\u00e1rios de Bras\u00edlia obteve na Justi\u00e7a na tarde desta quarta-feira (25), s\u00e9timo dia da forte greve nacional dos banc\u00e1rios, liminar que torna sem efeito documento enviado pela Diretoria de Rela\u00e7\u00f5es com Funcion\u00e1rios e Entidades Patrocinadas (Diref) do Banco do Brasil no in\u00edcio da semana proibindo os administradores de autorizarem a entrada de dirigentes sindicais nas depend\u00eancias da institui\u00e7\u00e3o para fins de reuni\u00e3o com os funcion\u00e1rios.<\/p>\n<p>\u00a0<\/p>\n<p>\u00a0<\/p>\n<p>Clique aqui para ler a \u00edntegra da liminar<\/p>\n<p>\u00a0<\/p>\n<p>\u00a0<\/p>\n<p>Na decis\u00e3o, o juiz Gilberto Augusto Leit\u00e3o Martins, titular da 11\u00aa Vara do Trabalho de Bras\u00edlia, sustenta que a medida adotada pelo BB, al\u00e9m de clara \u201cafronta\u201d aos termos da cl\u00e1usula 51\u00aa do acordo coletivo, \u201crevela-se ofensiva ao direito de greve garantido na Constitui\u00e7\u00e3o Federal de 1988, transparecendo n\u00edtido intuito de enfraquecer o movimento paredista\u201d.<\/p>\n<p>\u00a0<\/p>\n<p>\u00a0<\/p>\n<p>Para o secret\u00e1rio de Assuntos Jur\u00eddicos do Sindicato, Wescly Queiroz, a determina\u00e7\u00e3o da Justi\u00e7a, ao acatar os argumentos da entidade, deixa claro que a dire\u00e7\u00e3o do BB vem lan\u00e7ando m\u00e3o de toda sorte de expedientes que afrontam gravemente o direito constitucional de paralisa\u00e7\u00e3o e do livre exerc\u00edcio da atividade sindical.<\/p>\n<p>\u00a0<\/p>\n<p>\u00a0<\/p>\n<p>\u201cEssa \u00e9 uma importante vit\u00f3ria do Sindicato e dos trabalhadores, que faz frente a essa postura de verdadeira afronta do BB, que n\u00e3o hesita em se valer de interditos proibit\u00f3rios e normativos internos para tentar enfraquecer nosso movimento, atacando seus funcion\u00e1rios e seus leg\u00edtimos representantes\u201d, declarou Wescly.<\/p>\n<p>\u00a0<\/p>\n<p>\u00a0<\/p>\n<p>O juiz determina que o banco se abstenha de \u201corientar seus prepostos, administradores, gestores ou quem lhes fa\u00e7a as vezes de negar o referido acesso\u201d dos dirigentes \u00e0s suas depend\u00eancias. Ainda segundo o magistrado, a decis\u00e3o \u201ctem for\u00e7a de ordem judicial no sentido de autorizar o oficial de justi\u00e7a a dar cumprimento, inclusive com uso de for\u00e7a policial\u201d. O valor da multa ao BB \u00e9 de R$ 10.000 por ato de desobedi\u00eancia.<\/p>\n<p>\u00a0<\/p>\n<p>\u00a0<\/p>\n<p>\u201cA dire\u00e7\u00e3o do BB tem insistido em desconstruir a greve e a unidade dos trabalhadores. Vamos ser intransigentes no combate a essa trucul\u00eancia\u201d, acrescentou o secret\u00e1rio de Assuntos Jur\u00eddicos do Sindicato.<\/p>\n<p>\u00a0<\/p>\n<p>\u00a0<\/p>\n<p>Fonte: Contraf-CUT com Seeb Bras\u00edlia<\/p>\n","protected":false},"excerpt":{"rendered":"<p>O Sindicato dos Banc\u00e1rios de Bras\u00edlia obteve na Justi\u00e7a na tarde desta quarta-feira (25), s\u00e9timo dia da forte greve nacional dos banc\u00e1rios, liminar que torna sem efeito documento enviado pela Diretoria de Rela\u00e7\u00f5es com Funcion\u00e1rios e Entidades Patrocinadas (Diref) do Banco do Brasil no in\u00edcio da semana proibindo os administradores de autorizarem a entrada de [&hellip;]<\/p>\n","protected":false},"author":1,"featured_media":0,"comment_status":"","ping_status":"","sticky":false,"template":"","format":"standard","meta":{"footnotes":""},"categories":[3],"tags":[],"class_list":["post-1517","post","type-post","status-publish","format-standard","hentry","category-noticias"],"_links":{"self":[{"href":"https:\/\/hostnetart.com.br\/baixada\/wp-json\/wp\/v2\/posts\/1517","targetHints":{"allow":["GET"]}}],"collection":[{"href":"https:\/\/hostnetart.com.br\/baixada\/wp-json\/wp\/v2\/posts"}],"about":[{"href":"https:\/\/hostnetart.com.br\/baixada\/wp-json\/wp\/v2\/types\/post"}],"author":[{"embeddable":true,"href":"https:\/\/hostnetart.com.br\/baixada\/wp-json\/wp\/v2\/users\/1"}],"replies":[{"embeddable":true,"href":"https:\/\/hostnetart.com.br\/baixada\/wp-json\/wp\/v2\/comments?post=1517"}],"version-history":[{"count":0,"href":"https:\/\/hostnetart.com.br\/baixada\/wp-json\/wp\/v2\/posts\/1517\/revisions"}],"wp:attachment":[{"href":"https:\/\/hostnetart.com.br\/baixada\/wp-json\/wp\/v2\/media?parent=1517"}],"wp:term":[{"taxonomy":"category","embeddable":true,"href":"https:\/\/hostnetart.com.br\/baixada\/wp-json\/wp\/v2\/categories?post=1517"},{"taxonomy":"post_tag","embeddable":true,"href":"https:\/\/hostnetart.com.br\/baixada\/wp-json\/wp\/v2\/tags?post=1517"}],"curies":[{"name":"wp","href":"https:\/\/api.w.org\/{rel}","templated":true}]}}