{"id":15167,"date":"2024-04-11T12:41:16","date_gmt":"2024-04-11T15:41:16","guid":{"rendered":"https:\/\/hostnetart.com.br\/baixada\/eleicoes-previ-por-que-apoiar-a-chapa-1\/"},"modified":"2024-04-11T12:41:16","modified_gmt":"2024-04-11T15:41:16","slug":"eleicoes-previ-por-que-apoiar-a-chapa-1","status":"publish","type":"post","link":"https:\/\/hostnetart.com.br\/baixada\/eleicoes-previ-por-que-apoiar-a-chapa-1\/","title":{"rendered":"Elei\u00e7\u00f5es Previ: Por que apoiar a Chapa 1"},"content":{"rendered":"<p>\u00a0<\/p>\n<p>O per\u00edodo de vota\u00e7\u00e3o das Elei\u00e7\u00f5es Previ 2024 come\u00e7a nesta sexta-feira (12). Os associados e associadas da Caixa de Previd\u00eancia dos Funcion\u00e1rios do Banco do Brasil ter\u00e3o, a partir de ent\u00e3o, duas semanas, at\u00e9 o dia 26 de abril, para definir os ocupantes para o Conselho Diretor, Conselho Fiscal e Diretoria de Seguridade.<\/p>\n<p>\u201cO pleito \u00e9 considerado fundamental para o futuro e manuten\u00e7\u00e3o da qualidade da nossa Previ\u201d, explica a coordenadora da Comiss\u00e3o de Empresa dos Funcion\u00e1rios do Banco do Brasil (CEBB), Fernanda Lopes, ligada \u00e0 Confedera\u00e7\u00e3o Nacional dos Trabalhadores do Ramo Financeiro (Contraf-CUT), entidade que, ao lado de outros sindicatos e federa\u00e7\u00f5es de banc\u00e1rios, manifestaram apoio \u00e0 <strong>Chapa 1 \u201cPrevi para os Associados\u201d<\/strong>.<\/p>\n<p>A <strong>Chapa 1<\/strong> \u00e9 formada por funcion\u00e1rios do BB, da ativa e aposentados, que j\u00e1 possuem experi\u00eancia na atual gest\u00e3o da Previ. <\/p>\n<p>\u201cEsse fato \u00e9 muito importante, porque, ao longo dos \u00faltimos anos, a gest\u00e3o da Previ foi capaz de superar desafios importantes, como a pandemia, crises pol\u00edticas nacionais e internacionais, e sempre entregando bons resultados para os associados\u201d, refor\u00e7ou Fernanda Lopes. \u201cNunca, em toda a hist\u00f3ria da entidade, a Previ sofreu algum plano de equacionamento. Al\u00e9m disso, em 2023, fechou o ano com o <a href=\"https:\/\/contrafcut.com.br\/noticias\/previ-caixa-de-previdencia-do-bb-tem-o-melhor-resultado-em-dez-anos\/\" target=\"_blank\" rel=\"noopener noreferrer\">maior super\u00e1vit dos \u00faltimos dez anos<\/a>, no Plano 1, al\u00e9m de rentabilidade de 16,1% ao ano, no Previ Futuro, quase o dobro da meta refer\u00eancia de 8,5%. Por isso defendemos a continuidade desta gest\u00e3o\u201d, completou.<\/p>\n<h3>Algumas das propostas da Chapa 1<\/h3>\n<p>\u2013 Cobrar do BB a integraliza\u00e7\u00e3o de reservas matem\u00e1ticas referentes \u00e0s verbas P210 e P220 e aquelas em virtude de demandas judiciais trabalhistas<br \/>\u2013 Criar programa de assessoramento na gest\u00e3o dos benef\u00edcios dos associados com a participa\u00e7\u00e3o de seus familiares<br \/>\u2013 Seguir com a estrat\u00e9gia de ajuste de rentabilidade e vencimento dos ativos com compromissos de longo prazo<br \/>\u2013 Manter a diversifica\u00e7\u00e3o na renda vari\u00e1vel evitando preju\u00edzos, aumentando a rentabilidade dos benef\u00edcios dos associados, das associadas e seus familiares.<\/p>\n<p><strong><a href=\"https:\/\/previparaosassociados.com.br\/\" target=\"_blank\" rel=\"noopener noreferrer\">Clique aqui<\/a><\/strong> e conhe\u00e7a outras propostas e mais sobre os candidatos da Chapa 1.\u00a0<\/p>\n<p><strong>Fonte: Contraf-CUT<\/strong><\/p>\n","protected":false},"excerpt":{"rendered":"<p>\u00a0 O per\u00edodo de vota\u00e7\u00e3o das Elei\u00e7\u00f5es Previ 2024 come\u00e7a nesta sexta-feira (12). Os associados e associadas da Caixa de Previd\u00eancia dos Funcion\u00e1rios do Banco do Brasil ter\u00e3o, a partir de ent\u00e3o, duas semanas, at\u00e9 o dia 26 de abril, para definir os ocupantes para o Conselho Diretor, Conselho Fiscal e Diretoria de Seguridade. \u201cO [&hellip;]<\/p>\n","protected":false},"author":2,"featured_media":15166,"comment_status":"","ping_status":"","sticky":false,"template":"","format":"standard","meta":{"footnotes":""},"categories":[3],"tags":[],"class_list":["post-15167","post","type-post","status-publish","format-standard","has-post-thumbnail","hentry","category-noticias"],"_links":{"self":[{"href":"https:\/\/hostnetart.com.br\/baixada\/wp-json\/wp\/v2\/posts\/15167","targetHints":{"allow":["GET"]}}],"collection":[{"href":"https:\/\/hostnetart.com.br\/baixada\/wp-json\/wp\/v2\/posts"}],"about":[{"href":"https:\/\/hostnetart.com.br\/baixada\/wp-json\/wp\/v2\/types\/post"}],"author":[{"embeddable":true,"href":"https:\/\/hostnetart.com.br\/baixada\/wp-json\/wp\/v2\/users\/2"}],"replies":[{"embeddable":true,"href":"https:\/\/hostnetart.com.br\/baixada\/wp-json\/wp\/v2\/comments?post=15167"}],"version-history":[{"count":0,"href":"https:\/\/hostnetart.com.br\/baixada\/wp-json\/wp\/v2\/posts\/15167\/revisions"}],"wp:featuredmedia":[{"embeddable":true,"href":"https:\/\/hostnetart.com.br\/baixada\/wp-json\/wp\/v2\/media\/15166"}],"wp:attachment":[{"href":"https:\/\/hostnetart.com.br\/baixada\/wp-json\/wp\/v2\/media?parent=15167"}],"wp:term":[{"taxonomy":"category","embeddable":true,"href":"https:\/\/hostnetart.com.br\/baixada\/wp-json\/wp\/v2\/categories?post=15167"},{"taxonomy":"post_tag","embeddable":true,"href":"https:\/\/hostnetart.com.br\/baixada\/wp-json\/wp\/v2\/tags?post=15167"}],"curies":[{"name":"wp","href":"https:\/\/api.w.org\/{rel}","templated":true}]}}