{"id":15165,"date":"2024-04-10T13:42:42","date_gmt":"2024-04-10T16:42:42","guid":{"rendered":"https:\/\/hostnetart.com.br\/baixada\/bndes-lanca-concurso-publico-apos-11-anos\/"},"modified":"2024-04-10T13:42:42","modified_gmt":"2024-04-10T16:42:42","slug":"bndes-lanca-concurso-publico-apos-11-anos","status":"publish","type":"post","link":"https:\/\/hostnetart.com.br\/baixada\/bndes-lanca-concurso-publico-apos-11-anos\/","title":{"rendered":"BNDES lan\u00e7a concurso p\u00fablico ap\u00f3s 11 anos"},"content":{"rendered":"<\/p>\n<p>O Banco Nacional do Desenvolvimento Econ\u00f4mico e Social (BNDES) confirmou nesta segunda-feira (8) que ir\u00e1 divulgar, no segundo semestre deste ano, um edital de sele\u00e7\u00e3o p\u00fablica para a entrada de novos funcion\u00e1rios. A expectativa \u00e9 de 150 vagas de preenchimento imediato, todas para o cargo de Analista, al\u00e9m da forma\u00e7\u00e3o de um cadastro de reserva, que poder\u00e1 elevar o n\u00famero de contrata\u00e7\u00f5es para mais de 290 pessoas nos pr\u00f3ximos dois anos.<\/p>\n<p>A publica\u00e7\u00e3o das primeiras informa\u00e7\u00f5es sobre o concurso do BNDES, no Di\u00e1rio Oficial da Uni\u00e3o, deve acontecer nas pr\u00f3ximas semanas, com previs\u00e3o de o edital sair em outubro. O valor inicial de remunera\u00e7\u00e3o ser\u00e1 de R$ 20,9 mil, al\u00e9m disso, 10% das vagas ser\u00e3o reservadas para pessoas com defici\u00eancia (PcD) e 30% para candidatos negros e negras.\u00a0<\/p>\n<p>\u201cEssa not\u00edcia, depois de 11 anos sem concursos p\u00fablicos, \u00e9 muito positiva. Tamb\u00e9m achamos muito positivo a previs\u00e3o de vagas para serem ocupadas especificamente por candidatos negros e negras e PcD. A amplia\u00e7\u00e3o da diversidade, para equidade racial dentro da empresa, \u00e9 uma pauta do movimento sindical banc\u00e1rio, nas mesas de negocia\u00e7\u00e3o\u201d, pontua o vice-presidente da Confedera\u00e7\u00e3o Nacional dos Trabalhadores do Ramo Financeiro (Contraf-CUT), Vin\u00edcius Assump\u00e7\u00e3o. \u201cA realiza\u00e7\u00e3o deste concurso \u00e9 muito importante tamb\u00e9m porque vai na dire\u00e7\u00e3o do fortalecimento do BNDES como institui\u00e7\u00e3o p\u00fablica, indutora do desenvolvimento econ\u00f4mico\u201d, completou.<\/p>\n<p>Segundo dados do Grupo de Trabalho de Empoderamento Negro para a Transforma\u00e7\u00e3o da Economia, criado pelo presidente do BNDES, Alo\u00edzio Mercadante, em maio de 2023, a entidade contava, naquele momento, entre os concursados, com apenas 1,7% de pessoas pretas na institui\u00e7\u00e3o, contra 81,6% de pessoas brancas. Concursados pardos representavam 12,9%, amarelos 0,9% e ind\u00edgenas 0,3%.<\/p>\n<h3>\u00c1reas de contrata\u00e7\u00e3o e benef\u00edcios<\/h3>\n<p>A \u00faltimo concurso do BNDES foi aberto em 2012, destinado apenas para cadastro de reserva. Na \u00e9poca, foram aprovadas 279 pessoas, que foram convocadas ao longo de dois anos.<\/p>\n<p>Na sele\u00e7\u00e3o p\u00fablica prevista para este ano, ser\u00e3o oferecidas vagas somente para o n\u00edvel universit\u00e1rio. O cargo de Analista ser\u00e1 estruturado para as seguintes \u00e1reas: Administra\u00e7\u00e3o, An\u00e1lise de Sistemas \u2013 Desenvolvimento, An\u00e1lise de Sistemas \u2013 Suporte, An\u00e1lise de Sistemas \u2013 Ciberseguran\u00e7a, Arquitetura-Urbanismo, Arquivologia Digital, Ci\u00eancias Cont\u00e1beis, Ci\u00eancia de Dados, Comunica\u00e7\u00e3o Social, Direito, Economia, Engenharia e Psicologia Organizacional.<\/p>\n<p>Al\u00e9m do sal\u00e1rio e do vale-transporte, os funcion\u00e1rios do BNDES contam com assist\u00eancia sa\u00fade, Programa de Assist\u00eancia Educa\u00e7\u00e3o, aux\u00edlio-creche\/bab\u00e1, aux\u00edlio-funeral e seguro de vida em grupo, entre outros.<\/p>\n<p><b>Fonte: Contraf-CUT<\/b><\/p>\n","protected":false},"excerpt":{"rendered":"<p>O Banco Nacional do Desenvolvimento Econ\u00f4mico e Social (BNDES) confirmou nesta segunda-feira (8) que ir\u00e1 divulgar, no segundo semestre deste ano, um edital de sele\u00e7\u00e3o p\u00fablica para a entrada de novos funcion\u00e1rios. A expectativa \u00e9 de 150 vagas de preenchimento imediato, todas para o cargo de Analista, al\u00e9m da forma\u00e7\u00e3o de um cadastro de reserva, [&hellip;]<\/p>\n","protected":false},"author":2,"featured_media":15164,"comment_status":"","ping_status":"","sticky":false,"template":"","format":"standard","meta":{"footnotes":""},"categories":[3],"tags":[],"class_list":["post-15165","post","type-post","status-publish","format-standard","has-post-thumbnail","hentry","category-noticias"],"_links":{"self":[{"href":"https:\/\/hostnetart.com.br\/baixada\/wp-json\/wp\/v2\/posts\/15165","targetHints":{"allow":["GET"]}}],"collection":[{"href":"https:\/\/hostnetart.com.br\/baixada\/wp-json\/wp\/v2\/posts"}],"about":[{"href":"https:\/\/hostnetart.com.br\/baixada\/wp-json\/wp\/v2\/types\/post"}],"author":[{"embeddable":true,"href":"https:\/\/hostnetart.com.br\/baixada\/wp-json\/wp\/v2\/users\/2"}],"replies":[{"embeddable":true,"href":"https:\/\/hostnetart.com.br\/baixada\/wp-json\/wp\/v2\/comments?post=15165"}],"version-history":[{"count":0,"href":"https:\/\/hostnetart.com.br\/baixada\/wp-json\/wp\/v2\/posts\/15165\/revisions"}],"wp:featuredmedia":[{"embeddable":true,"href":"https:\/\/hostnetart.com.br\/baixada\/wp-json\/wp\/v2\/media\/15164"}],"wp:attachment":[{"href":"https:\/\/hostnetart.com.br\/baixada\/wp-json\/wp\/v2\/media?parent=15165"}],"wp:term":[{"taxonomy":"category","embeddable":true,"href":"https:\/\/hostnetart.com.br\/baixada\/wp-json\/wp\/v2\/categories?post=15165"},{"taxonomy":"post_tag","embeddable":true,"href":"https:\/\/hostnetart.com.br\/baixada\/wp-json\/wp\/v2\/tags?post=15165"}],"curies":[{"name":"wp","href":"https:\/\/api.w.org\/{rel}","templated":true}]}}