{"id":15161,"date":"2024-04-09T17:22:01","date_gmt":"2024-04-09T20:22:01","guid":{"rendered":"https:\/\/hostnetart.com.br\/baixada\/escuta-santander-bancarios-e-aposentados-protestam-contra-gestao\/"},"modified":"2024-04-09T17:22:01","modified_gmt":"2024-04-09T20:22:01","slug":"escuta-santander-bancarios-e-aposentados-protestam-contra-gestao","status":"publish","type":"post","link":"https:\/\/hostnetart.com.br\/baixada\/escuta-santander-bancarios-e-aposentados-protestam-contra-gestao\/","title":{"rendered":"Escuta Santander: Banc\u00e1rios e aposentados protestam contra gest\u00e3o"},"content":{"rendered":"<\/p>\n<p>Banc\u00e1rios e aposentados do Santander protestaram contra as mudan\u00e7as implementadas pela gest\u00e3o brasileira do banco espanhol por meio da \u201cmulticanalidade\u201d; e por quest\u00f5es relacionadas \u00e0 retirada de patroc\u00ednio do Banesprev e \u00e0 transfer\u00eancia de ger\u00eancia do SantanderPrevi.<\/p>\n<p>A manifesta\u00e7\u00e3o foi realizada durante a visita ao pa\u00eds da presidenta mundial do banco, Ana Bot\u00edn, na manh\u00e3 de segunda-feira (8), na Torre Santander, em S\u00e3o Paulo, e na rede social \u201cX\u201d (antigo Twitter), com a hashtag #EscutaSantander.<\/p>\n<p>Em mar\u00e7o, durante a assembleia mundial dos acionistas do Santander, na Espanha, o movimento sindical brasileiro denunciou os abusos e desrespeitos que a filial brasileira do grupo pratica contra os trabalhadores brasileiros e a popula\u00e7\u00e3o do pa\u00eds, que respondem por 17% do lucro global do conglomerado espanhol.<\/p>\n<p>\u201cFraudes em contrata\u00e7\u00f5es, demiss\u00f5es arbitr\u00e1rias, ataques ao plano de pens\u00e3o e aos conv\u00eanios de sa\u00fade, ass\u00e9dio moral e sobrecarga de trabalho t\u00eam sido parte do nosso cotidiano, gerando altos \u00edndices de adoecimento entre nossos colegas e uma total aus\u00eancia de solu\u00e7\u00e3o dos conflitos atrav\u00e9s da negocia\u00e7\u00e3o coletiva. Esta situa\u00e7\u00e3o obriga os trabalhadores a buscarem na justi\u00e7a o que deveria ser resolvido de forma negocial aumentando, assim, o passivo trabalhista e comprometendo a estabilidade futura\u201d, denunciou aos acionistas Lucimara Malaquias, secret\u00e1ria-geral do Sindicato dos Banc\u00e1rios de S\u00e3o Paulo e funcion\u00e1ria do Santander.<\/p>\n<p>O ato de segunda-feira foi um refor\u00e7o, motivado pela forma como o Santander tem tratado os trabalhadores da ativa e os aposentados. Uma carta aberta direcionada \u00e0 Bot\u00edn tamb\u00e9m foi divulgada.<\/p>\n<p>\u201cA atividade buscou fortalecer as den\u00fancias j\u00e1 apresentadas na Espanha. N\u00f3s queremos que os desmandos do Santander, aqui no Brasil, cheguem at\u00e9 a Ana Bot\u00edn\u201d, afirmou Rita Berlofa, funcion\u00e1ria do banco e secret\u00e1ria de Rela\u00e7\u00f5es Internacionais da Confedera\u00e7\u00e3o Nacional dos Trabalhadores do Ramo Financeiro (Contraf-CUT).<\/p>\n<p>\u201cOs trabalhadores da ativa e os aposentados est\u00e3o indignados com a posi\u00e7\u00e3o intransigente do banco em fazer as mudan\u00e7as sem nenhum di\u00e1logo com os trabalhadores e com o movimento sindical\u201d, afirmou Wanessa Queiroz, coordenadora da Comiss\u00e3o de Organiza\u00e7\u00e3o dos Empregados (COE) do Santander.<\/p>\n<p>Multicanalidade<\/p>\n<p>Por meio do processo chamado \u201cmulticanalidade\u201d, o banco vem retirando os gerentes Van Gogh e gerentes de empresa das ag\u00eancias, transferindo-os para departamentos internos, que tem causado sobrecarga para os Especialistas Santander que permaneceram nas ag\u00eancias. A mudan\u00e7a tamb\u00e9m est\u00e1 resultando na precariza\u00e7\u00e3o do atendimento aos clientes.<\/p>\n<p>Mudan\u00e7as no Banesprev<\/p>\n<p>No dia 2 de abril, o Di\u00e1rio Oficial da Uni\u00e3o publicou duas portarias da Previc (203 e 204), \u00f3rg\u00e3o fiscalizador das entidades fechadas de previd\u00eancia complementar, aprovando a retirada de patroc\u00ednio das complementa\u00e7\u00f5es de aposentadoria dos plano I e II, e transfer\u00eancia de gest\u00e3o dos plano V e pr\u00e9-75 para o SantanderPrevi, que n\u00e3o tem gest\u00e3o colegiada.<\/p>\n<p>As entidades representativas dos empregados Afubesp, Afabesp, Abesprev e o Sindicato dos Banc\u00e1rios de S\u00e3o Paulo avaliam que a transfer\u00eancia de gest\u00e3o acarretar\u00e1 em grandes preju\u00edzos no processo de governan\u00e7a. Isto porque a governan\u00e7a do SantanderPrevi \u00e9 bem mais restrita, por n\u00e3o ter diretores eleitos, comit\u00ea de investimentos e assembleia de participantes. Por tudo isto, a transpar\u00eancia do SantanderPrevi \u00e9 bem inferior \u00e0 do Banesprev.<\/p>\n<p>\u201cA transfer\u00eancia de gest\u00e3o acarretar\u00e1 n\u00e3o s\u00f3 grandes preju\u00edzos no processo de governan\u00e7a, hoje existente, como tamb\u00e9m trar\u00e1 risco para os participantes que j\u00e1 est\u00e3o com idade avan\u00e7ada, bem como \u00e9 muito dinheiro para ir a uma institui\u00e7\u00e3o pequena e sem governan\u00e7a\u201d, completou Rita Berlofa.<\/p>\n<p>Al\u00e9m do protesto desta segunda-feira (8), as entidades ajuizaram pedidos de liminar visando impedir a transfer\u00eancia de gest\u00e3o dos Planos V e Pr\u00e9-75 do Banesprev para o SantanderPrevi.<\/p>\n<p><b>Fonte: Contraf-CUT<\/b><\/p>\n","protected":false},"excerpt":{"rendered":"<p>Banc\u00e1rios e aposentados do Santander protestaram contra as mudan\u00e7as implementadas pela gest\u00e3o brasileira do banco espanhol por meio da \u201cmulticanalidade\u201d; e por quest\u00f5es relacionadas \u00e0 retirada de patroc\u00ednio do Banesprev e \u00e0 transfer\u00eancia de ger\u00eancia do SantanderPrevi. A manifesta\u00e7\u00e3o foi realizada durante a visita ao pa\u00eds da presidenta mundial do banco, Ana Bot\u00edn, na manh\u00e3 [&hellip;]<\/p>\n","protected":false},"author":2,"featured_media":15160,"comment_status":"","ping_status":"","sticky":false,"template":"","format":"standard","meta":{"footnotes":""},"categories":[3],"tags":[],"class_list":["post-15161","post","type-post","status-publish","format-standard","has-post-thumbnail","hentry","category-noticias"],"_links":{"self":[{"href":"https:\/\/hostnetart.com.br\/baixada\/wp-json\/wp\/v2\/posts\/15161","targetHints":{"allow":["GET"]}}],"collection":[{"href":"https:\/\/hostnetart.com.br\/baixada\/wp-json\/wp\/v2\/posts"}],"about":[{"href":"https:\/\/hostnetart.com.br\/baixada\/wp-json\/wp\/v2\/types\/post"}],"author":[{"embeddable":true,"href":"https:\/\/hostnetart.com.br\/baixada\/wp-json\/wp\/v2\/users\/2"}],"replies":[{"embeddable":true,"href":"https:\/\/hostnetart.com.br\/baixada\/wp-json\/wp\/v2\/comments?post=15161"}],"version-history":[{"count":0,"href":"https:\/\/hostnetart.com.br\/baixada\/wp-json\/wp\/v2\/posts\/15161\/revisions"}],"wp:featuredmedia":[{"embeddable":true,"href":"https:\/\/hostnetart.com.br\/baixada\/wp-json\/wp\/v2\/media\/15160"}],"wp:attachment":[{"href":"https:\/\/hostnetart.com.br\/baixada\/wp-json\/wp\/v2\/media?parent=15161"}],"wp:term":[{"taxonomy":"category","embeddable":true,"href":"https:\/\/hostnetart.com.br\/baixada\/wp-json\/wp\/v2\/categories?post=15161"},{"taxonomy":"post_tag","embeddable":true,"href":"https:\/\/hostnetart.com.br\/baixada\/wp-json\/wp\/v2\/tags?post=15161"}],"curies":[{"name":"wp","href":"https:\/\/api.w.org\/{rel}","templated":true}]}}