{"id":15159,"date":"2024-04-09T17:19:45","date_gmt":"2024-04-09T20:19:45","guid":{"rendered":"https:\/\/hostnetart.com.br\/baixada\/hoje-tem-negociacao-com-a-caixa-2\/"},"modified":"2024-04-09T17:19:45","modified_gmt":"2024-04-09T20:19:45","slug":"hoje-tem-negociacao-com-a-caixa-2","status":"publish","type":"post","link":"https:\/\/hostnetart.com.br\/baixada\/hoje-tem-negociacao-com-a-caixa-2\/","title":{"rendered":"Hoje tem negocia\u00e7\u00e3o com a Caixa"},"content":{"rendered":"<\/p>\n<p>A Comiss\u00e3o Executiva dos Empregados (CEE) da Caixa Econ\u00f4mica Federal se re\u00fane, na tarde desta ter\u00e7a-feira (9), com o banco para dar continuidade \u00e0s negocia\u00e7\u00f5es sobre diversas reivindica\u00e7\u00f5es das empregadas e empregados.<\/p>\n<p>\u201cAs prioridades dos debates ser\u00e3o a defini\u00e7\u00e3o do pagamento dos deltas referentes \u00e0 promo\u00e7\u00e3o por m\u00e9rito de 2023 e a solu\u00e7\u00e3o para as demandas de colegas com filhos com defici\u00eancia, como a redu\u00e7\u00e3o da jornada e a prioridade para o trabalho home office\u201d, disse a coordenadora da CEE, Fabiana Uehara Proscholdt, que \u00e9 conhecida como Fabi por seus colegas de trabalho. \u201cA depender da agilidade do debate, entraremos em outros temas, como os <a href=\"https:\/\/contrafcut.com.br\/noticias\/caixa-velhos-problemas-prejudicam-atendimento\" target=\"_blank\" rel=\"noopener noreferrer\">problemas<\/a> relacionados ao programa P\u00e9-de-Meia, do governo federal, e a <a href=\"https:\/\/contrafcut.com.br\/noticias\/cee-questiona-mudancas-e-solicita-esclarecimentos-da-caixa\" target=\"_blank\" rel=\"noopener noreferrer\">reestrutura\u00e7\u00e3o em andamento<\/a> na Caixa. Se n\u00e3o der tempo de evoluir o debate sobre outros temas, vamos cobrar o agendamento de uma nova reuni\u00e3o para o quanto antes\u201d, completou.<\/p>\n<h3><strong>Promo\u00e7\u00e3o por m\u00e9rito<\/strong><\/h3>\n<p>As negocia\u00e7\u00f5es para defini\u00e7\u00e3o dos crit\u00e9rios e forma de pagamento dos deltas referentes \u00e0 promo\u00e7\u00e3o por m\u00e9rito foram <a href=\"https:\/\/contrafcut.com.br\/noticias\/caixa-apresenta-dados-da-promocao-por-merito-pagas-em-2023\" target=\"_blank\" rel=\"noopener noreferrer\">interrompidas em junho de 2023<\/a>, sem que houvesse qualquer defini\u00e7\u00e3o. \u201cA data para o pagamento dos deltas j\u00e1 chegou, sem que os crit\u00e9rios fossem estabelecidos. Ou seja, as pessoas n\u00e3o sabiam o que precisavam fazer para melhorar seu desempenho\u201d, observou a coordenadora da CEE. \u201cComo ningu\u00e9m sabia o que precisava fazer para ter desempenho melhor, reivindicamos que seja distribu\u00eddo um delta para todas empregadas e empregados eleg\u00edveis e o debate se d\u00ea apenas sobre o segundo delta. E, mais do que isso, se defina j\u00e1, ou o quanto antes, os crit\u00e9rios da promo\u00e7\u00e3o por m\u00e9rito de 2024, para evitarmos o problema que estamos tendo ano ap\u00f3s ano\u201d, completou Fabi.<\/p>\n<h3><strong>PcD<\/strong><\/h3>\n<p>As demandas espec\u00edficas das Pessoas com Defici\u00eancia que trabalham na Caixa, ou que t\u00eam filhos, ou parentes com defici\u00eancia, n\u00e3o s\u00e3o novas. E, em 2023, depois de realizar uma plen\u00e1ria nacional que contou com a participa\u00e7\u00e3o de mais de 200 PcD, a Confedera\u00e7\u00e3o Nacional dos Trabalhadores do Ramo Financeiro (Contraf-CUT) <a href=\"https:\/\/contrafcut.com.br\/noticias\/pcds-apresentam-demandas-para-serem-levadas-a-caixa\" target=\"_blank\" rel=\"noopener noreferrer\">reuniu as demandas<\/a> em uma minuta de reivindica\u00e7\u00f5es espec\u00edficas que foi entregue \u00e0 Caixa.<\/p>\n<p>Os par\u00e1grafos s\u00e9timo e oitavo da minuta dizem o seguinte:<\/p>\n<p><strong><em>\u201cPar\u00e1grafo s\u00e9timo<\/em><\/strong><em> \u2013 O(a) empregado(a) com defici\u00eancia ter\u00e1 prioridade na escolha do local de trabalho<\/p>\n<p><strong>Par\u00e1grafo oitavo<\/strong> \u2013 a Caixa assegurar\u00e1 teletrabalho para os(as) empregados(as) com defici\u00eancia.\u201d<\/em><\/p>\n<p>Al\u00e9m disso, a CEE j\u00e1 cobrou, in\u00fameras vezes, a redu\u00e7\u00e3o da jornada de trabalho das empregadas e empregados que sejam cuidadores de pessoas com defici\u00eancia e, em of\u00edcio enviado \u00e0 Caixa, a Contraf-CUT, lembrou que <a href=\"https:\/\/contrafcut.com.br\/noticias\/caixa-contraf-cut-cobra-reducao-de-jornada-para-pcds\" target=\"_blank\" rel=\"noopener noreferrer\">se trata de uma reivindica\u00e7\u00e3o recorrente e antiga<\/a> do movimento sindical, uma vez que que redu\u00e7\u00e3o da jornada de trabalho por empregadas e empregados que sejam cuidadores de pessoas com defici\u00eancia (PcD) \u00e9 um direito garantido \u00e0s servidoras e servidores p\u00fablicos federais pela <a href=\"https:\/\/www.planalto.gov.br\/ccivil_03\/leis\/l8112cons.htm\" target=\"_blank\" rel=\"noopener noreferrer\">Lei n\u00ba 8.112\/90<\/a>. No of\u00edcio, a Contraf-CUT ressaltou ainda que a redu\u00e7\u00e3o da jornada deve ser feita sem altera\u00e7\u00e3o remunerat\u00f3ria e sem compensa\u00e7\u00e3o de hor\u00e1rio e que o Supremo Tribunal Federal (STF) tem reconhecido esse direito.<\/p>\n<p><b>Fonte: Contraf-CUT<\/b><\/p>\n","protected":false},"excerpt":{"rendered":"<p>A Comiss\u00e3o Executiva dos Empregados (CEE) da Caixa Econ\u00f4mica Federal se re\u00fane, na tarde desta ter\u00e7a-feira (9), com o banco para dar continuidade \u00e0s negocia\u00e7\u00f5es sobre diversas reivindica\u00e7\u00f5es das empregadas e empregados. \u201cAs prioridades dos debates ser\u00e3o a defini\u00e7\u00e3o do pagamento dos deltas referentes \u00e0 promo\u00e7\u00e3o por m\u00e9rito de 2023 e a solu\u00e7\u00e3o para as [&hellip;]<\/p>\n","protected":false},"author":2,"featured_media":15158,"comment_status":"","ping_status":"","sticky":false,"template":"","format":"standard","meta":{"footnotes":""},"categories":[3],"tags":[],"class_list":["post-15159","post","type-post","status-publish","format-standard","has-post-thumbnail","hentry","category-noticias"],"_links":{"self":[{"href":"https:\/\/hostnetart.com.br\/baixada\/wp-json\/wp\/v2\/posts\/15159","targetHints":{"allow":["GET"]}}],"collection":[{"href":"https:\/\/hostnetart.com.br\/baixada\/wp-json\/wp\/v2\/posts"}],"about":[{"href":"https:\/\/hostnetart.com.br\/baixada\/wp-json\/wp\/v2\/types\/post"}],"author":[{"embeddable":true,"href":"https:\/\/hostnetart.com.br\/baixada\/wp-json\/wp\/v2\/users\/2"}],"replies":[{"embeddable":true,"href":"https:\/\/hostnetart.com.br\/baixada\/wp-json\/wp\/v2\/comments?post=15159"}],"version-history":[{"count":0,"href":"https:\/\/hostnetart.com.br\/baixada\/wp-json\/wp\/v2\/posts\/15159\/revisions"}],"wp:featuredmedia":[{"embeddable":true,"href":"https:\/\/hostnetart.com.br\/baixada\/wp-json\/wp\/v2\/media\/15158"}],"wp:attachment":[{"href":"https:\/\/hostnetart.com.br\/baixada\/wp-json\/wp\/v2\/media?parent=15159"}],"wp:term":[{"taxonomy":"category","embeddable":true,"href":"https:\/\/hostnetart.com.br\/baixada\/wp-json\/wp\/v2\/categories?post=15159"},{"taxonomy":"post_tag","embeddable":true,"href":"https:\/\/hostnetart.com.br\/baixada\/wp-json\/wp\/v2\/tags?post=15159"}],"curies":[{"name":"wp","href":"https:\/\/api.w.org\/{rel}","templated":true}]}}