{"id":15157,"date":"2024-04-08T14:06:42","date_gmt":"2024-04-08T17:06:42","guid":{"rendered":"https:\/\/hostnetart.com.br\/baixada\/eleicoes-da-funcef-votacao-comeca-no-dia-16-de-abril\/"},"modified":"2024-04-08T14:06:42","modified_gmt":"2024-04-08T17:06:42","slug":"eleicoes-da-funcef-votacao-comeca-no-dia-16-de-abril","status":"publish","type":"post","link":"https:\/\/hostnetart.com.br\/baixada\/eleicoes-da-funcef-votacao-comeca-no-dia-16-de-abril\/","title":{"rendered":"Elei\u00e7\u00f5es da Funcef: Vota\u00e7\u00e3o come\u00e7a no dia 16 de abril"},"content":{"rendered":"<p>Nos pr\u00f3ximos dias 16 a 19 de abril de 2024 ocorrer\u00e1 o primeiro turno da elei\u00e7\u00e3o para a elei\u00e7\u00e3o da diretoria de Administra\u00e7\u00e3o e Controladoria; Conselho Deliberativo; e Conselho Fiscal da Funcef. Todos os participantes ativos e assistidos maiores de 18 anos inscritos nos planos de benef\u00edcios da Funcef at\u00e9 31 de janeiro de 2024 t\u00eam direito a voto.<\/p>\n<p>A vota\u00e7\u00e3o ser\u00e1 realizada por meio de sistema eletr\u00f4nico, com acesso por CPF e senha pessoal do eleitor, pelo site (<a href=\"https:\/\/www.funcef.com.br\/\" target=\"_blank\" rel=\"noopener noreferrer\">https:\/\/www.funcef.com.br\/<\/a>), ou aplicativo m\u00f3vel, da Funcef.<\/p>\n<p>A Confedera\u00e7\u00e3o Nacional dos Trabalhadores do Ramo Financeiro (Contraf-CUT) apoia a elei\u00e7\u00e3o de:<\/p>\n<ul>\n<li><strong>Leonardo Quadros<\/strong>, que concorre ao cargo de\u00a0<strong>diretor de Administra\u00e7\u00e3o e Controladoria<\/strong>\u00a0com o\u00a0<strong>n\u00famero 12<\/strong>;<\/li>\n<li><strong>Maria Gaia<\/strong>\u00a0(titular)\u00a0<strong>e Amanda Leite<\/strong>\u00a0(suplente), que concorrem ao\u00a0<strong>Conselho Deliberativo<\/strong>\u00a0com o\u00a0<strong>n\u00famero 31<\/strong>; e<\/li>\n<li><strong>Wagner Ferreira<\/strong>\u00a0(titular)\u00a0<strong>e Mizaki Mitiue<\/strong>\u00a0(suplente), que concorrem ao\u00a0<strong>Conselho Fiscal<\/strong>\u00a0com o\u00a0<strong>n\u00famero 21<\/strong>.<\/li>\n<\/ul>\n<p><strong>&gt;&gt;&gt;&gt;&gt;<\/strong>\u00a0<a href=\"https:\/\/contrafcut.com.br\/jornal-mdf-nacional-online1\/\" target=\"_blank\" rel=\"noopener noreferrer\">Leia o boletim com mais informa\u00e7\u00f5es sobre os candidatos e suas p\u00f5es sobre os candidatos e suas propostas<\/a><\/p>\n<p>\u201c\u00c9 importante que todas as empregadas e empregados da Caixa que participam dos planos da Funcef, tanto da ativa quanto aqueles que j\u00e1 recebem assist\u00eancia, exer\u00e7am seu direito de voto\u201d, disse a coordenadora da Comiss\u00e3o Executiva dos Empregados (CEE) da Caixa, Fabiana Uehara Proscholdt, a Fabi. \u201cEu apoio e u apoio e recomendo o voto nestes candidatos porque s\u00e3o pessoas \u00edntegras, capacitadas para os cargos que disputam e compromissadas na defesa dos participantes e da pr\u00f3pria Funcef\u201d, completou.<\/p>\n<p><strong>Fonte: Contraf-CUT<\/strong><\/p>\n","protected":false},"excerpt":{"rendered":"<p>Nos pr\u00f3ximos dias 16 a 19 de abril de 2024 ocorrer\u00e1 o primeiro turno da elei\u00e7\u00e3o para a elei\u00e7\u00e3o da diretoria de Administra\u00e7\u00e3o e Controladoria; Conselho Deliberativo; e Conselho Fiscal da Funcef. Todos os participantes ativos e assistidos maiores de 18 anos inscritos nos planos de benef\u00edcios da Funcef at\u00e9 31 de janeiro de 2024 [&hellip;]<\/p>\n","protected":false},"author":2,"featured_media":15156,"comment_status":"","ping_status":"","sticky":false,"template":"","format":"standard","meta":{"footnotes":""},"categories":[3],"tags":[],"class_list":["post-15157","post","type-post","status-publish","format-standard","has-post-thumbnail","hentry","category-noticias"],"_links":{"self":[{"href":"https:\/\/hostnetart.com.br\/baixada\/wp-json\/wp\/v2\/posts\/15157","targetHints":{"allow":["GET"]}}],"collection":[{"href":"https:\/\/hostnetart.com.br\/baixada\/wp-json\/wp\/v2\/posts"}],"about":[{"href":"https:\/\/hostnetart.com.br\/baixada\/wp-json\/wp\/v2\/types\/post"}],"author":[{"embeddable":true,"href":"https:\/\/hostnetart.com.br\/baixada\/wp-json\/wp\/v2\/users\/2"}],"replies":[{"embeddable":true,"href":"https:\/\/hostnetart.com.br\/baixada\/wp-json\/wp\/v2\/comments?post=15157"}],"version-history":[{"count":0,"href":"https:\/\/hostnetart.com.br\/baixada\/wp-json\/wp\/v2\/posts\/15157\/revisions"}],"wp:featuredmedia":[{"embeddable":true,"href":"https:\/\/hostnetart.com.br\/baixada\/wp-json\/wp\/v2\/media\/15156"}],"wp:attachment":[{"href":"https:\/\/hostnetart.com.br\/baixada\/wp-json\/wp\/v2\/media?parent=15157"}],"wp:term":[{"taxonomy":"category","embeddable":true,"href":"https:\/\/hostnetart.com.br\/baixada\/wp-json\/wp\/v2\/categories?post=15157"},{"taxonomy":"post_tag","embeddable":true,"href":"https:\/\/hostnetart.com.br\/baixada\/wp-json\/wp\/v2\/tags?post=15157"}],"curies":[{"name":"wp","href":"https:\/\/api.w.org\/{rel}","templated":true}]}}