{"id":1515,"date":"2013-09-25T00:00:00","date_gmt":"2013-09-25T03:00:00","guid":{"rendered":"https:\/\/hostnetart.com.br\/baixada\/greve-dos-bancarios-completa-sete-dias-e-para-10-024-agencias-em-todo-pais\/"},"modified":"2013-09-25T00:00:00","modified_gmt":"2013-09-25T03:00:00","slug":"greve-dos-bancarios-completa-sete-dias-e-para-10-024-agencias-em-todo-pais","status":"publish","type":"post","link":"https:\/\/hostnetart.com.br\/baixada\/greve-dos-bancarios-completa-sete-dias-e-para-10-024-agencias-em-todo-pais\/","title":{"rendered":"Greve dos banc\u00e1rios completa sete dias e para 10.024 ag\u00eancias em todo pa\u00eds"},"content":{"rendered":"<p>Os banc\u00e1rios, em greve nacional h\u00e1 sete dias, continuam ampliando e intensificando a paralisa\u00e7\u00e3o da categoria em todo o pa\u00eds. Nesta quarta (25) 10.024 ag\u00eancias e centros administrativos de bancos p\u00fablicos e privados foram paralisados nos 26 estados e no Distrito Federal. Trabalhadores de setores estrat\u00e9gicos tamb\u00e9m aderiram \u00e0 greve, com destaque para a paralisa\u00e7\u00e3o de call centers.<\/p>\n<p>\u00a0<\/p>\n<p>A greve nacional foi deflagrada na quinta-feira (19) e, como nos anos anteriores, vem crescendo a cada dia. No primeiro dia foram fechados 6.145 unidades, subindo para 7.282 no segundo dia, 9015 no quinto dia e 9.665 unidades no sexto dia. Trata-se de um crescimento de 63,12% em rela\u00e7\u00e3o ao primeiro dia de greve.<\/p>\n<p>\u00a0<\/p>\n<p>A (\u00fanica) proposta da Fenaban de reajuste 6,1%, que rep\u00f5e apenas a infla\u00e7\u00e3o do per\u00edodo foi apresentada no dia 5 de setembro e foi rejeitada pelos banc\u00e1rios rejeitaram em assembleias realizadas dia 12 em todo o pa\u00eds.<\/p>\n<p>\u00a0<\/p>\n<p>\u201cCompletamos uma semana de uma forte greve nacional, maior do que a do ano passado. Enquanto isso, os bancos est\u00e3o h\u00e1 vinte dias calados, intransigentes, sem negociar com os banc\u00e1rios, desrespeitando a categoria e a sociedade. Vamos fortalecer ainda mais o movimento, ampliar ainda mais as paralisa\u00e7\u00f5es, para for\u00e7ar a reabertura das negocia\u00e7\u00f5es visando conquistar uma proposta decente , com aumento real de sal\u00e1rio, amplia\u00e7\u00e3o da PLR, valoriza\u00e7\u00e3o do piso, mais contrata\u00e7\u00f5es, fim da rotatividade e das terceiriza\u00e7\u00f5es, melhores condi\u00e7\u00f5es de trabalho com fim das metas abusivas, mais seguran\u00e7a e igualdade de oportunidades\u201d, afirma Carlos Cordeiro, presidente da Contraf-CUT (Confedera\u00e7\u00e3o Nacional dos Trabalhadores do Ramo Financeiro e coordenador do Comando Nacional dos Banc\u00e1rios).<\/p>\n<p>\u00a0<\/p>\n<p>O Comando Nacional, que representa 95% dos banc\u00e1rios de todo o Brasil, vai se reunir nesta quinta-feira (26), \u00e0s 14h, em S\u00e3o Paulo, para fazer uma avalia\u00e7\u00e3o da primeira semana de greve e definir formas de ampliar e fortalecer ainda mais o movimento.<\/p>\n<p>\u00a0<\/p>\n<p>\u00a0<\/p>\n<p><strong>Mais passeatas e manifesta\u00e7\u00f5es<\/strong><\/p>\n<p>\u00a0<\/p>\n<p>Al\u00e9m de paralisar as atividades, os banc\u00e1rios v\u00eam intensificando a realiza\u00e7\u00e3o de passeatas e manifesta\u00e7\u00f5es em todo o pa\u00eds. Na ter\u00e7a (24) ocorreram caminhadas em S\u00e3o Paulo, Belo Horizonte, Rio de Janeiro e Campo Grande. Hoje, estavam agendadas mobiliza\u00e7\u00f5es em Bras\u00edlia, Jo\u00e3o Pessoa, Fortaleza e Salvador, entre outras.<\/p>\n<p>\u00a0<\/p>\n<p>\u201cVamos aumentar os protestos nas ruas para dialogar com os clientes e a sociedade, mostrando que os bancos, cujos lucros atingiram 29 bilh\u00f5es de reais no primeiro semestre deste ano, t\u00eam plenas condi\u00e7\u00f5es que atender \u00e0s reivindica\u00e7\u00f5es econ\u00f4micas e sociais dos banc\u00e1rios, reduzir as altas taxas de juros e tarifas cobrados dos clientes e garantir atendimento de qualidade \u00e0 popula\u00e7\u00e3o \u201c, conclui Carlos Cordeiro.<\/p>\n<p>\u00a0<\/p>\n<p>\u00a0<\/p>\n<p><strong>As principais reivindica\u00e7\u00f5es dos banc\u00e1rios<\/strong><\/p>\n<p>\u00a0<\/p>\n<p>&gt; Reajuste salarial de 11,93% (5% de aumento real al\u00e9m da infla\u00e7\u00e3o)<\/p>\n<p>&gt; PLR: tr\u00eas sal\u00e1rios mais R$ 5.553,15.<\/p>\n<p>&gt; Piso: R$ 2.860,21 (sal\u00e1rio m\u00ednimo do Dieese).<\/p>\n<p>&gt; Aux\u00edlios alimenta\u00e7\u00e3o, refei\u00e7\u00e3o, 13\u00aa cesta e aux\u00edlio-creche\/bab\u00e1: R$ 678 ao m\u00eas para cada (sal\u00e1rio m\u00ednimo nacional).<\/p>\n<p>&gt; Melhores condi\u00e7\u00f5es de trabalho, com o fim das metas abusivas e do ass\u00e9dio moral que adoece os banc\u00e1rios.<\/p>\n<p>&gt; Emprego: fim das demiss\u00f5es, mais contrata\u00e7\u00f5es, aumento da inclus\u00e3o banc\u00e1ria, combate \u00e0s terceiriza\u00e7\u00f5es, especialmente ao PL 4330 que precariza as condi\u00e7\u00f5es de trabalho, al\u00e9m da aplica\u00e7\u00e3o da Conven\u00e7\u00e3o 158 da OIT, que pro\u00edbe as dispensas imotivadas.<\/p>\n<p>&gt; Plano de Cargos, Carreiras e Sal\u00e1rios (PCCS) para todos os banc\u00e1rios.<\/p>\n<p>&gt; Aux\u00edlio-educa\u00e7\u00e3o: pagamento para gradua\u00e7\u00e3o e p\u00f3s-gradua\u00e7\u00e3o.<\/p>\n<p>&gt; Preven\u00e7\u00e3o contra assaltos e sequestros, com o fim da guarda das chaves de cofres e ag\u00eancias por banc\u00e1rios.<\/p>\n<p>&gt; Igualdade de oportunidades para banc\u00e1rios e banc\u00e1rias, com a contrata\u00e7\u00e3o de pelo menos 20% de negros e negras.<\/p>\n<p>Fonte: Contraf-CUT<\/p>\n","protected":false},"excerpt":{"rendered":"<p>Os banc\u00e1rios, em greve nacional h\u00e1 sete dias, continuam ampliando e intensificando a paralisa\u00e7\u00e3o da categoria em todo o pa\u00eds. Nesta quarta (25) 10.024 ag\u00eancias e centros administrativos de bancos p\u00fablicos e privados foram paralisados nos 26 estados e no Distrito Federal. Trabalhadores de setores estrat\u00e9gicos tamb\u00e9m aderiram \u00e0 greve, com destaque para a paralisa\u00e7\u00e3o [&hellip;]<\/p>\n","protected":false},"author":1,"featured_media":0,"comment_status":"","ping_status":"","sticky":false,"template":"","format":"standard","meta":{"footnotes":""},"categories":[3],"tags":[],"class_list":["post-1515","post","type-post","status-publish","format-standard","hentry","category-noticias"],"_links":{"self":[{"href":"https:\/\/hostnetart.com.br\/baixada\/wp-json\/wp\/v2\/posts\/1515","targetHints":{"allow":["GET"]}}],"collection":[{"href":"https:\/\/hostnetart.com.br\/baixada\/wp-json\/wp\/v2\/posts"}],"about":[{"href":"https:\/\/hostnetart.com.br\/baixada\/wp-json\/wp\/v2\/types\/post"}],"author":[{"embeddable":true,"href":"https:\/\/hostnetart.com.br\/baixada\/wp-json\/wp\/v2\/users\/1"}],"replies":[{"embeddable":true,"href":"https:\/\/hostnetart.com.br\/baixada\/wp-json\/wp\/v2\/comments?post=1515"}],"version-history":[{"count":0,"href":"https:\/\/hostnetart.com.br\/baixada\/wp-json\/wp\/v2\/posts\/1515\/revisions"}],"wp:attachment":[{"href":"https:\/\/hostnetart.com.br\/baixada\/wp-json\/wp\/v2\/media?parent=1515"}],"wp:term":[{"taxonomy":"category","embeddable":true,"href":"https:\/\/hostnetart.com.br\/baixada\/wp-json\/wp\/v2\/categories?post=1515"},{"taxonomy":"post_tag","embeddable":true,"href":"https:\/\/hostnetart.com.br\/baixada\/wp-json\/wp\/v2\/tags?post=1515"}],"curies":[{"name":"wp","href":"https:\/\/api.w.org\/{rel}","templated":true}]}}