{"id":15147,"date":"2024-04-05T14:00:17","date_gmt":"2024-04-05T17:00:17","guid":{"rendered":"https:\/\/hostnetart.com.br\/baixada\/financiarios-tem-assembleia-nos-dias-9-e-10-de-abril\/"},"modified":"2024-04-05T14:00:17","modified_gmt":"2024-04-05T17:00:17","slug":"financiarios-tem-assembleia-nos-dias-9-e-10-de-abril","status":"publish","type":"post","link":"https:\/\/hostnetart.com.br\/baixada\/financiarios-tem-assembleia-nos-dias-9-e-10-de-abril\/","title":{"rendered":"Financi\u00e1rios tem assembleia nos dias 9 e 10 de abril"},"content":{"rendered":"<p>Das 9 horas do dia <b>9 de abril<\/b> at\u00e9 \u00e0s 19 horas do dia <b>10 de abril<\/b>, financi\u00e1rias e financi\u00e1rios, de todo o pa\u00eds, participam de assembleia remota para deliberar sobre as seguintes pautas:<\/p>\n<p>1) Autorizar a diretoria do Sindicato a negociar e celebrar Instrumentos Coletivos de Trabalho com a Federa\u00e7\u00e3o Interestadual das Institui\u00e7\u00f5es de Cr\u00e9dito, Financiamento e Investimento (Fenacrefi) e, frustradas as negocia\u00e7\u00f5es, defender-se e\/ou instaurar diss\u00eddio coletivo de trabalho, bem como delegar poderes para tanto;<\/p>\n<p>2) Aprovar a Pauta de Reivindica\u00e7\u00f5es da categoria financi\u00e1ria que inclui desconto a ser feito nos sal\u00e1rios dos empregados em raz\u00e3o da contrata\u00e7\u00e3o a ser realizada (contribui\u00e7\u00e3o negocial), bem como, aprovar o Pr\u00e9-Acordo.<\/p>\n<p><b>PARA VOTAR<\/b><\/p>\n<p>Para votar e participar, basta acessar o link de vota\u00e7\u00e3o: https:\/\/financiarios.votabem.com.br<\/p>\n<p>O link estar\u00e1, tamb\u00e9m, dispon\u00edvel em nosso site (<a href=\"http:\/\/www.bancariosbaixada.org.br\/\">http:\/\/www.bancariosbaixada.org.br<\/a>)<\/p>\n<p><b>Financi\u00e1rios definem prioridades para Campanha Nacional 2024<\/b><\/p>\n<p>A minuta de reivindica\u00e7\u00f5es das financi\u00e1rias e dos financi\u00e1rios para a Campanha Nacional 2024 foi definida na 7\u00aa Confer\u00eancia Nacional dos Financi\u00e1rios, realizada no dia 26 de mar\u00e7o, na sede da Confedera\u00e7\u00e3o Nacional dos Trabalhadores do Ramo Financeiro (Contraf-CUT), em S\u00e3o Paulo. O documento ser\u00e1 submetido \u00e0 aprova\u00e7\u00e3o em assembleias realizadas em todo o Brasil entre os dias 8 e 9 de abril.<\/p>\n<p>As prioridades dos trabalhadores foram levantadas pela Consulta Nacional, realizada entre 11 e 23 de mar\u00e7o. As respostas da consulta foram compiladas e somadas \u00e0s contribui\u00e7\u00f5es dos representantes das federa\u00e7\u00f5es e sindicatos que comp\u00f5em o Comando Nacional dos Banc\u00e1rios.<\/p>\n<p>Os destaques da pauta de reivindica\u00e7\u00f5es s\u00e3o propostas de reajuste dos sal\u00e1rios com o INPC + 5% de aumento real, reajuste diferenciado no vale-alimenta\u00e7\u00e3o (VA) e no vale-refei\u00e7\u00e3o (VR) e aumento na Participa\u00e7\u00e3o nos Lucros e Resultados (PLR), al\u00e9m da manuten\u00e7\u00e3o das cl\u00e1usulas da atual Conven\u00e7\u00e3o Coletiva de Trabalho (CCT) por dois anos.<\/p>\n<p>Com a aprova\u00e7\u00e3o, a minuta ser\u00e1 entregue \u00e0 Federa\u00e7\u00e3o Interestadual das Institui\u00e7\u00f5es de Cr\u00e9dito, Financiamento e Investimento (Fenacrefi), a partir do dia 15 de abril, para posterior defini\u00e7\u00e3o do calend\u00e1rio das reuni\u00f5es de negocia\u00e7\u00f5es para a renova\u00e7\u00e3o da CCT.<\/p>\n<p>A 7\u00aa Confer\u00eancia Nacional dos Financi\u00e1rios terminou com a mesa de organiza\u00e7\u00e3o da campanha, que aprovou a arte e o slogan da Campanha Nacional 2024 \u201cRepresentatividade gera conquista \u2013 Aumentar a representatividade para garantir direitos e construir vit\u00f3rias\u201d.<\/p>\n","protected":false},"excerpt":{"rendered":"<p>Das 9 horas do dia 9 de abril at\u00e9 \u00e0s 19 horas do dia 10 de abril, financi\u00e1rias e financi\u00e1rios, de todo o pa\u00eds, participam de assembleia remota para deliberar sobre as seguintes pautas: 1) Autorizar a diretoria do Sindicato a negociar e celebrar Instrumentos Coletivos de Trabalho com a Federa\u00e7\u00e3o Interestadual das Institui\u00e7\u00f5es de [&hellip;]<\/p>\n","protected":false},"author":2,"featured_media":15146,"comment_status":"","ping_status":"","sticky":false,"template":"","format":"standard","meta":{"footnotes":""},"categories":[3],"tags":[],"class_list":["post-15147","post","type-post","status-publish","format-standard","has-post-thumbnail","hentry","category-noticias"],"_links":{"self":[{"href":"https:\/\/hostnetart.com.br\/baixada\/wp-json\/wp\/v2\/posts\/15147","targetHints":{"allow":["GET"]}}],"collection":[{"href":"https:\/\/hostnetart.com.br\/baixada\/wp-json\/wp\/v2\/posts"}],"about":[{"href":"https:\/\/hostnetart.com.br\/baixada\/wp-json\/wp\/v2\/types\/post"}],"author":[{"embeddable":true,"href":"https:\/\/hostnetart.com.br\/baixada\/wp-json\/wp\/v2\/users\/2"}],"replies":[{"embeddable":true,"href":"https:\/\/hostnetart.com.br\/baixada\/wp-json\/wp\/v2\/comments?post=15147"}],"version-history":[{"count":0,"href":"https:\/\/hostnetart.com.br\/baixada\/wp-json\/wp\/v2\/posts\/15147\/revisions"}],"wp:featuredmedia":[{"embeddable":true,"href":"https:\/\/hostnetart.com.br\/baixada\/wp-json\/wp\/v2\/media\/15146"}],"wp:attachment":[{"href":"https:\/\/hostnetart.com.br\/baixada\/wp-json\/wp\/v2\/media?parent=15147"}],"wp:term":[{"taxonomy":"category","embeddable":true,"href":"https:\/\/hostnetart.com.br\/baixada\/wp-json\/wp\/v2\/categories?post=15147"},{"taxonomy":"post_tag","embeddable":true,"href":"https:\/\/hostnetart.com.br\/baixada\/wp-json\/wp\/v2\/tags?post=15147"}],"curies":[{"name":"wp","href":"https:\/\/api.w.org\/{rel}","templated":true}]}}