{"id":15143,"date":"2024-04-04T22:32:46","date_gmt":"2024-04-05T01:32:46","guid":{"rendered":"https:\/\/hostnetart.com.br\/baixada\/caixa-adia-mais-uma-vez-negociacao-com-trabalhadores\/"},"modified":"2024-04-04T22:32:46","modified_gmt":"2024-04-05T01:32:46","slug":"caixa-adia-mais-uma-vez-negociacao-com-trabalhadores","status":"publish","type":"post","link":"https:\/\/hostnetart.com.br\/baixada\/caixa-adia-mais-uma-vez-negociacao-com-trabalhadores\/","title":{"rendered":"Caixa adia, mais uma vez, negocia\u00e7\u00e3o com trabalhadores"},"content":{"rendered":"<p>A Caixa Econ\u00f4mica Federal cancelou a reuni\u00e3o de negocia\u00e7\u00f5es com a representa\u00e7\u00e3o sindical das empregadas e empregados que seria realizada nesta quinta-feira (4). A princ\u00edpio, a reuni\u00e3o estava marcada para a semana passada (28\/3), mas <a href=\"https:\/\/www.fenae.org.br\/portal\/fenae-portal\/adiamento-de-negociacao-demonstra-falta-de-compromisso-da-caixa-com-os-empregados-8A19A3048E81DDB0018E87033BBA24B7-00.htm\" target=\"_blank\" rel=\"noopener noreferrer\">o banco tamb\u00e9m cancelou a reuni\u00e3o<\/a> no dia em que a mesma seria realizada. Segundo o banco, adiamento visa a conclus\u00e3o da <a href=\"https:\/\/contrafcut.com.br\/noticias\/caixa-contraf-cut-cobra-reducao-de-jornada-para-pcds\" target=\"_blank\" rel=\"noopener noreferrer\">proposta para pais de PcD<\/a>.<\/p>\n<p>\u201c\u00c9 muito ruim o cancelamento de reuni\u00e3o de mesa de negocia\u00e7\u00e3o. Esses cancelamentos causam transtornos para os representantes dos empregados, que se preparam para participar da reuni\u00e3o e trazem as expectativas dos colegas em resolver problemas. Por sorte, esta reuni\u00e3o de hoje era totalmente online e acredito que n\u00e3o houve preju\u00edzos financeiros, somente a perda de agenda de atividades, que poderiam ser realizadas, mas foram desmarcadas pois a prioridade \u00e9 a reuni\u00e3o de negocia\u00e7\u00e3o\u201d, criticou a coordenadora da Comiss\u00e3o Executiva dos Empregados (CEE), Fabiana Uehara Proscholdt, a Fabi.<\/p>\n<p>Para Fabi, trazer proposta para solucionar demandas \u00e9 sempre um avan\u00e7o. \u201cMas esperamos que o banco traga uma proposta robusta, que atenda nossas reivindica\u00e7\u00f5es e os anseios dos colegas que t\u00eam filhos com defici\u00eancia\u201d, disse.<\/p>\n<h3><strong>Outras demandas<\/strong><\/h3>\n<p>\u201cAl\u00e9m disso, existem outras tantas demandas que est\u00e3o sem respostas que n\u00e3o precisam ficar congeladas para que se solucione a pauta das PcD, como o pagamento dos deltas referente a <a href=\"https:\/\/contrafcut.com.br\/noticias\/caixa-apresenta-dados-da-promocao-por-merito-pagas-em-2023\/\" target=\"_blank\" rel=\"noopener noreferrer\">promo\u00e7\u00e3o por m\u00e9rito de 2023<\/a>\u201d, disse. \u201cEsperamos que na pr\u00f3xima reuni\u00e3o haja solu\u00e7\u00e3o tamb\u00e9m para este ponto e, dado o tempo, que a Caixa traga proposta de um delta linear pra todos os colegas eleg\u00edveis\u201d, completou.<\/p>\n<p>A reuni\u00e3o foi reagendada para a pr\u00f3xima ter\u00e7a-feira (9), em formato remoto, com hor\u00e1rio ainda indefinido.<\/p>\n<p><b>Fonte: Contraf-CUT<\/b><\/p>\n","protected":false},"excerpt":{"rendered":"<p>A Caixa Econ\u00f4mica Federal cancelou a reuni\u00e3o de negocia\u00e7\u00f5es com a representa\u00e7\u00e3o sindical das empregadas e empregados que seria realizada nesta quinta-feira (4). A princ\u00edpio, a reuni\u00e3o estava marcada para a semana passada (28\/3), mas o banco tamb\u00e9m cancelou a reuni\u00e3o no dia em que a mesma seria realizada. Segundo o banco, adiamento visa a [&hellip;]<\/p>\n","protected":false},"author":2,"featured_media":15142,"comment_status":"","ping_status":"","sticky":false,"template":"","format":"standard","meta":{"footnotes":""},"categories":[3],"tags":[],"class_list":["post-15143","post","type-post","status-publish","format-standard","has-post-thumbnail","hentry","category-noticias"],"_links":{"self":[{"href":"https:\/\/hostnetart.com.br\/baixada\/wp-json\/wp\/v2\/posts\/15143","targetHints":{"allow":["GET"]}}],"collection":[{"href":"https:\/\/hostnetart.com.br\/baixada\/wp-json\/wp\/v2\/posts"}],"about":[{"href":"https:\/\/hostnetart.com.br\/baixada\/wp-json\/wp\/v2\/types\/post"}],"author":[{"embeddable":true,"href":"https:\/\/hostnetart.com.br\/baixada\/wp-json\/wp\/v2\/users\/2"}],"replies":[{"embeddable":true,"href":"https:\/\/hostnetart.com.br\/baixada\/wp-json\/wp\/v2\/comments?post=15143"}],"version-history":[{"count":0,"href":"https:\/\/hostnetart.com.br\/baixada\/wp-json\/wp\/v2\/posts\/15143\/revisions"}],"wp:featuredmedia":[{"embeddable":true,"href":"https:\/\/hostnetart.com.br\/baixada\/wp-json\/wp\/v2\/media\/15142"}],"wp:attachment":[{"href":"https:\/\/hostnetart.com.br\/baixada\/wp-json\/wp\/v2\/media?parent=15143"}],"wp:term":[{"taxonomy":"category","embeddable":true,"href":"https:\/\/hostnetart.com.br\/baixada\/wp-json\/wp\/v2\/categories?post=15143"},{"taxonomy":"post_tag","embeddable":true,"href":"https:\/\/hostnetart.com.br\/baixada\/wp-json\/wp\/v2\/tags?post=15143"}],"curies":[{"name":"wp","href":"https:\/\/api.w.org\/{rel}","templated":true}]}}