{"id":15141,"date":"2024-04-04T16:37:34","date_gmt":"2024-04-04T19:37:34","guid":{"rendered":"https:\/\/hostnetart.com.br\/baixada\/trabalhadores-do-santander-aprovam-act-sobre-horas-negativas-na-pandemia-2\/"},"modified":"2024-04-04T16:37:34","modified_gmt":"2024-04-04T19:37:34","slug":"trabalhadores-do-santander-aprovam-act-sobre-horas-negativas-na-pandemia-2","status":"publish","type":"post","link":"https:\/\/hostnetart.com.br\/baixada\/trabalhadores-do-santander-aprovam-act-sobre-horas-negativas-na-pandemia-2\/","title":{"rendered":"Trabalhadores do Santander aprovam ACT sobre horas negativas na pandemia"},"content":{"rendered":"<p>Com 99,04% dos votos favor\u00e1veis, os empregados do Santander e da Aymor\u00e9 Financeira aprovaram Acordo Coletivo de Trabalho (ACT) de Horas Negativas N\u00e3o Suplementares. O instrumento disp\u00f5e sobre a anistia das horas n\u00e3o trabalhadas na pandemia de Covid-19, no per\u00edodo entre abril de 2020 a mar\u00e7o de 2022, e n\u00e3o compensadas at\u00e9 31 de mar\u00e7o de 2024. A delibera\u00e7\u00e3o ocorreu em assembleia virtual realizada na quarta-feira, 3 de abril.<\/p>\n<p>Na base do Sindicato dos Banc\u00e1rios da Baixada Fluminense, a proposta foi aprovada com 100% de votos v\u00e1lidos a favor.<\/p>\n<p>O \u00faltimo acordo que estabeleceu condi\u00e7\u00f5es para a compensa\u00e7\u00e3o de horas se encerrou em 31 de mar\u00e7o, mas ainda existia um grupo de empregados com saldo negativo e, por isso, a necessidade de se firmar um novo acordo.<\/p>\n<p>A coordenadora da Comiss\u00e3o de Organiza\u00e7\u00e3o dos Empregados (COE) do Santander, Wanessa de Queiroz Paix\u00e3o, ressaltou o grande esfor\u00e7o por parte dos empregados para o pagamento dessas horas negativas ao longo dos anos, o que se refletiu na redu\u00e7\u00e3o da quantidade de trabalhadores que ainda tinham horas negativas.<\/p>\n<p>As pessoas beneficiadas pelo acordo aprovado nesta quarta-feira representam aproximadamente 10% do total de empregados do grupo de risco para a Covid-19 que tinham horas negativas durante a pandemia.<\/p>\n<p>Com a aprova\u00e7\u00e3o pelos trabalhadores, o movimento sindical e a dire\u00e7\u00e3o do banco assinaram o ACT na Torre Santander. \u201cEste acordo \u00e9 uma conquista da mesa de negocia\u00e7\u00e3o entre o Sindicato e o Santander, e garantir\u00e1 que o banco n\u00e3o exija mais a compensa\u00e7\u00e3o e nem desconte as horas n\u00e3o trabalhadas durante o per\u00edodo da pandemia\u201d, pontua Wanessa de Queiroz.<\/p>\n<p><b>Fonte: Contraf-CUT<\/b><\/p>\n","protected":false},"excerpt":{"rendered":"<p>Com 99,04% dos votos favor\u00e1veis, os empregados do Santander e da Aymor\u00e9 Financeira aprovaram Acordo Coletivo de Trabalho (ACT) de Horas Negativas N\u00e3o Suplementares. O instrumento disp\u00f5e sobre a anistia das horas n\u00e3o trabalhadas na pandemia de Covid-19, no per\u00edodo entre abril de 2020 a mar\u00e7o de 2022, e n\u00e3o compensadas at\u00e9 31 de mar\u00e7o [&hellip;]<\/p>\n","protected":false},"author":2,"featured_media":15140,"comment_status":"","ping_status":"","sticky":false,"template":"","format":"standard","meta":{"footnotes":""},"categories":[3],"tags":[],"class_list":["post-15141","post","type-post","status-publish","format-standard","has-post-thumbnail","hentry","category-noticias"],"_links":{"self":[{"href":"https:\/\/hostnetart.com.br\/baixada\/wp-json\/wp\/v2\/posts\/15141","targetHints":{"allow":["GET"]}}],"collection":[{"href":"https:\/\/hostnetart.com.br\/baixada\/wp-json\/wp\/v2\/posts"}],"about":[{"href":"https:\/\/hostnetart.com.br\/baixada\/wp-json\/wp\/v2\/types\/post"}],"author":[{"embeddable":true,"href":"https:\/\/hostnetart.com.br\/baixada\/wp-json\/wp\/v2\/users\/2"}],"replies":[{"embeddable":true,"href":"https:\/\/hostnetart.com.br\/baixada\/wp-json\/wp\/v2\/comments?post=15141"}],"version-history":[{"count":0,"href":"https:\/\/hostnetart.com.br\/baixada\/wp-json\/wp\/v2\/posts\/15141\/revisions"}],"wp:featuredmedia":[{"embeddable":true,"href":"https:\/\/hostnetart.com.br\/baixada\/wp-json\/wp\/v2\/media\/15140"}],"wp:attachment":[{"href":"https:\/\/hostnetart.com.br\/baixada\/wp-json\/wp\/v2\/media?parent=15141"}],"wp:term":[{"taxonomy":"category","embeddable":true,"href":"https:\/\/hostnetart.com.br\/baixada\/wp-json\/wp\/v2\/categories?post=15141"},{"taxonomy":"post_tag","embeddable":true,"href":"https:\/\/hostnetart.com.br\/baixada\/wp-json\/wp\/v2\/tags?post=15141"}],"curies":[{"name":"wp","href":"https:\/\/api.w.org\/{rel}","templated":true}]}}