{"id":1514,"date":"2013-09-25T00:00:00","date_gmt":"2013-09-25T03:00:00","guid":{"rendered":"https:\/\/hostnetart.com.br\/baixada\/greve-recebe-apoio-e-solidariedade-dos-bancarios-do-bb-no-paraguai\/"},"modified":"2013-09-25T00:00:00","modified_gmt":"2013-09-25T03:00:00","slug":"greve-recebe-apoio-e-solidariedade-dos-bancarios-do-bb-no-paraguai","status":"publish","type":"post","link":"https:\/\/hostnetart.com.br\/baixada\/greve-recebe-apoio-e-solidariedade-dos-bancarios-do-bb-no-paraguai\/","title":{"rendered":"Greve recebe apoio e solidariedade dos banc\u00e1rios do BB no Paraguai"},"content":{"rendered":"<p>Os banc\u00e1rios em greve nacional h\u00e1 sete dias receberam o apoio e a solidariedade do \u201cSindicato de Empleados del Banco del Brasil\u201d, filiado \u00e0 \u201cFederaci\u00f3n de Trabajadores Bancarios y Afines del Paraguay (Fetraban)\u201d. Um documento foi enviado ao presidente da Contraf-CUT, Carlos Cordeiro, na ter\u00e7a-feira, dia 24, manifestando o apoio \u00e0s leg\u00edtimas reivindica\u00e7\u00f5es dos brasileiros.<\/p>\n<p>\u00a0<\/p>\n<p>\u201cAdmiramos profundamente a capacidade de mobiliza\u00e7\u00e3o dos companheiros e companheiras na luta pela melhoria constante da qualidade de vida, de suas fam\u00edlias e da sociedade em geral\u201d, afirma a correspond\u00eancia.<\/p>\n<p>\u00a0<\/p>\n<p>\u201cEstamos convencidos de que o \u00fanico caminho para que se alcance a igualdade e a justi\u00e7a \u00e9 a unidade com mobiliza\u00e7\u00e3o\u201d, ressalta o sindicato paraguaio. \u201cNossa dignidade n\u00e3o se vende e estamos com voc\u00eas\u201d.<\/p>\n<p>\u00a0<\/p>\n<p>\u00a0<\/p>\n<p><strong>Luta sem fronteiras<\/strong><\/p>\n<p>\u00a0<\/p>\n<p>O presidente da Contraf-CUT e da UNI Am\u00e9ricas Finan\u00e7as, Carlos Cordeiro, agradece a manifesta\u00e7\u00e3o dos banc\u00e1rios paraguaios, mostrando a import\u00e2ncia da organiza\u00e7\u00e3o internacional do movimento sindical. \u201cEsse apoio refor\u00e7a a solidariedade e a unidade dos banc\u00e1rios neste mundo globalizado em que vivemos, onde precisamos lutar cada vez mais de forma integrada para defender os empregos e direitos dos trabalhadores\u201d, destaca.<\/p>\n<p>\u00a0<\/p>\n<p>O secret\u00e1rio de Forma\u00e7\u00e3o da Contraf-CUT e coordenador da Comiss\u00e3o de Empresa dos Funcion\u00e1rios do BB, William Mendes, salienta que esse apoio fortalece a greve no Brasil e a rede sindical dos banc\u00e1rios do BB nas Am\u00e9ricas, que j\u00e1 conquistou a renova\u00e7\u00e3o do acordo marco global.<\/p>\n<p>\u00a0<\/p>\n<p>\u201cDestacamos que em mesas de negocia\u00e7\u00e3o com o BB no Brasil cobramos a dire\u00e7\u00e3o do BB para marcar uma reuni\u00e3o espec\u00edfica com a UNI Am\u00e9ricas e o \u2018Sindicato de Empleados del Banco del Brasil\u2019, visando a renova\u00e7\u00e3o do acordo coletivo no Paraguai, que est\u00e1 vencido h\u00e1 muitos anos e sem disposi\u00e7\u00e3o do banco em apresentar propostas para as reivindica\u00e7\u00f5es dos banc\u00e1rios\u201d, conclui William.<\/p>\n<p>\u00a0<\/p>\n<p>Fonte: Contraf-CUT<\/p>\n","protected":false},"excerpt":{"rendered":"<p>Os banc\u00e1rios em greve nacional h\u00e1 sete dias receberam o apoio e a solidariedade do \u201cSindicato de Empleados del Banco del Brasil\u201d, filiado \u00e0 \u201cFederaci\u00f3n de Trabajadores Bancarios y Afines del Paraguay (Fetraban)\u201d. Um documento foi enviado ao presidente da Contraf-CUT, Carlos Cordeiro, na ter\u00e7a-feira, dia 24, manifestando o apoio \u00e0s leg\u00edtimas reivindica\u00e7\u00f5es dos brasileiros. [&hellip;]<\/p>\n","protected":false},"author":1,"featured_media":0,"comment_status":"","ping_status":"","sticky":false,"template":"","format":"standard","meta":{"footnotes":""},"categories":[3],"tags":[],"class_list":["post-1514","post","type-post","status-publish","format-standard","hentry","category-noticias"],"_links":{"self":[{"href":"https:\/\/hostnetart.com.br\/baixada\/wp-json\/wp\/v2\/posts\/1514","targetHints":{"allow":["GET"]}}],"collection":[{"href":"https:\/\/hostnetart.com.br\/baixada\/wp-json\/wp\/v2\/posts"}],"about":[{"href":"https:\/\/hostnetart.com.br\/baixada\/wp-json\/wp\/v2\/types\/post"}],"author":[{"embeddable":true,"href":"https:\/\/hostnetart.com.br\/baixada\/wp-json\/wp\/v2\/users\/1"}],"replies":[{"embeddable":true,"href":"https:\/\/hostnetart.com.br\/baixada\/wp-json\/wp\/v2\/comments?post=1514"}],"version-history":[{"count":0,"href":"https:\/\/hostnetart.com.br\/baixada\/wp-json\/wp\/v2\/posts\/1514\/revisions"}],"wp:attachment":[{"href":"https:\/\/hostnetart.com.br\/baixada\/wp-json\/wp\/v2\/media?parent=1514"}],"wp:term":[{"taxonomy":"category","embeddable":true,"href":"https:\/\/hostnetart.com.br\/baixada\/wp-json\/wp\/v2\/categories?post=1514"},{"taxonomy":"post_tag","embeddable":true,"href":"https:\/\/hostnetart.com.br\/baixada\/wp-json\/wp\/v2\/tags?post=1514"}],"curies":[{"name":"wp","href":"https:\/\/api.w.org\/{rel}","templated":true}]}}