{"id":15133,"date":"2024-04-03T17:54:34","date_gmt":"2024-04-03T20:54:34","guid":{"rendered":"https:\/\/hostnetart.com.br\/baixada\/pe-de-meia-foi-pauta-de-reuniao-com-a-caixa\/"},"modified":"2024-04-03T17:54:34","modified_gmt":"2024-04-03T20:54:34","slug":"pe-de-meia-foi-pauta-de-reuniao-com-a-caixa","status":"publish","type":"post","link":"https:\/\/hostnetart.com.br\/baixada\/pe-de-meia-foi-pauta-de-reuniao-com-a-caixa\/","title":{"rendered":"P\u00e9-de-Meia foi pauta de reuni\u00e3o com a Caixa"},"content":{"rendered":"<p>A Confedera\u00e7\u00e3o Nacional dos Trabalhadores do Ramo Financeiro (Contraf-CUT) se reuniu, nesta ter\u00e7a-feira (2), com o vice-presidente de Pessoas da Caixa Econ\u00f4mica Federal, Francisco Egidio Pel\u00facio Martins. A reuni\u00e3o foi solicitada pela presid\u00eancia da Contraf-CUT para explicar como funciona o Comando Nacional dos Banc\u00e1rios, refor\u00e7ar a import\u00e2ncia do di\u00e1logo, discutir sobre o calend\u00e1rio de negocia\u00e7\u00f5es e cobrar solu\u00e7\u00f5es para reivindica\u00e7\u00f5es pendentes.<\/p>\n<p>\u201cEsse \u00e9 um ano de negocia\u00e7\u00f5es para a renova\u00e7\u00e3o da nossa Conven\u00e7\u00e3o Coletiva de Trabalho e do acordo espec\u00edfico da Caixa. \u00c9 muito importante que o novo vice-presidente tome p\u00e9 de como funcionam as negocia\u00e7\u00f5es e das demandas dos trabalhadores, para que o andamento das negocia\u00e7\u00f5es flua mais tranquilamente e a gente possa chegar ao melhor acordo para a categoria e para os empregados da Caixa\u201d, disse a presidenta da Confedera\u00e7\u00e3o Nacional dos Trabalhadores do Ramo Financeiro e coordenadora do Comando Nacional dos Banc\u00e1rios, Juvandia Moreira, ao ressaltar que a reuni\u00e3o foi muito positiva.<\/p>\n<h3><strong>P\u00e9-de-Meia<\/strong><\/h3>\n<div class=\"wp-block-image\">\n<figure class=\"alignright size-large is-resized\"><img fetchpriority=\"high\" decoding=\"async\" class=\"wp-image-309375\" src=\"https:\/\/contrafcut.com.br\/wp-content\/uploads\/2024\/04\/pe-de-meia.jpg\" sizes=\"(max-width: 460px) 100vw, 460px\" srcset=\"https:\/\/contrafcut.com.br\/wp-content\/uploads\/2024\/04\/pe-de-meia.jpg 755w, https:\/\/contrafcut.com.br\/wp-content\/uploads\/2024\/04\/pe-de-meia-382x230.jpg 382w\" alt=\"\" width=\"460\" height=\"276\" data-cfsrc=\"https:\/\/contrafcut.com.br\/wp-content\/uploads\/2024\/04\/pe-de-meia.jpg\" \/><\/figure>\n<\/div>\n<p>Presente na reuni\u00e3o, a coordenadora da Comiss\u00e3o Executiva dos Empregados (CEE) da Caixa, rec\u00e9m-eleita representante dos trabalhadores no Conselho de Administra\u00e7\u00e3o do banco, Fabiana Uehara Proscholdt, aproveitou a ocasi\u00e3o para pautar os problemas que s\u00e3o enfrentados pelas empregadas e empregados para o atendimento dos benefici\u00e1rios do <a href=\"https:\/\/www.gov.br\/mec\/pt-br\/pe-de-meia\" target=\"_blank\" rel=\"noopener noreferrer\">Programa P\u00e9-de-Meia<\/a>, do Governo Federal.<\/p>\n<p>\u201cA sobrecarga de trabalho, os constantes problemas nos sistemas do banco e a falta de condi\u00e7\u00f5es de trabalho, que afetam o cotidiano de trabalho das empregadas e empregados est\u00e3o escancarados para todo mundo ver\u201d, afirmou Fabi, como \u00e9 chamada a coordenadora da CEE pelos seus colegas de banco, ao se referir \u00e0s enormes filas que est\u00e3o se formando nas imedia\u00e7\u00f5es das ag\u00eancias da Caixa em todo o pa\u00eds, devido a mais uma demanda para atendimento a benefici\u00e1rios de programas sociais do Governo Federal, o P\u00e9-de-Meia. \u201cA popula\u00e7\u00e3o e os empregados n\u00e3o podem sofrer toda a vez que uma nova demanda social \u00e9 criada\u201d, completou.<\/p>\n<p>Fabi tamb\u00e9m ressaltou os problemas que s\u00e3o criados para o cumprimento das metas estipuladas pela Caixa. \u201cPor isso, pedimos que n\u00e3o haja cobran\u00e7a de cumprimento de metas comerciais dessas ag\u00eancias, para permitir que os empregados atendam esse p\u00fablico de forma adequada, sem que tenham que se preocupar em vender os produtos estipulados pelo banco\u201d, completou.<\/p>\n<p>O presidente da Federa\u00e7\u00e3o Nacional das Associa\u00e7\u00f5es do Pessoal da Caixa (Fenae), Sergio Takemoto, tamb\u00e9m presente na reuni\u00e3o, ressaltou a import\u00e2ncia do P\u00e9-de-Meia e de outras pol\u00edticas p\u00fablicas do Governo Federal que t\u00eam a Caixa como principal executora. \u201cO programa \u00e9 extremamente positivo! Garante uma renda m\u00ednima para evitar que haja evas\u00e3o escolar de jovens do ensino m\u00e9dio. Mas a Caixa precisa ter condi\u00e7\u00f5es de prestar um bom atendimento \u00e0 popula\u00e7\u00e3o, sem adoecer seus empregados e nem expor a popula\u00e7\u00e3o a situa\u00e7\u00f5es degradantes\u201d, disse. \u201cPor isso, insistimos na necessidade de investimentos em tecnologia e refor\u00e7amos o pedido para que se aumente o n\u00famero de contrata\u00e7\u00f5es previstas no concurso p\u00fablico\u201d, completou.<\/p>\n<p>A previs\u00e3o \u00e9 que a Caixa contrate mais 4 mil novos empregados entre os que forem aprovados na prova que ser\u00e1 realizada em maio. A Contraf-CUT, a Fenae e o Sindicato de Banc\u00e1rios de Bras\u00edlia oferecem um cursinho gratuito para ajudar banc\u00e1rios sindicalizados, ou n\u00e3o, seus dependentes e indicados a serem aprovados no concurso (<a href=\"https:\/\/contrafcut.com.br\/noticias\/contraf-cut-fenae-e-seeb-brasilia-oferecem-cursinho-para-o-concurso-da-caixa\" target=\"_blank\" rel=\"noopener noreferrer\">leia mais sobre o cursinho<\/a>).<\/p>\n<p><b>Fonte: Contraf-CUT<\/b><\/p>\n","protected":false},"excerpt":{"rendered":"<p>A Confedera\u00e7\u00e3o Nacional dos Trabalhadores do Ramo Financeiro (Contraf-CUT) se reuniu, nesta ter\u00e7a-feira (2), com o vice-presidente de Pessoas da Caixa Econ\u00f4mica Federal, Francisco Egidio Pel\u00facio Martins. A reuni\u00e3o foi solicitada pela presid\u00eancia da Contraf-CUT para explicar como funciona o Comando Nacional dos Banc\u00e1rios, refor\u00e7ar a import\u00e2ncia do di\u00e1logo, discutir sobre o calend\u00e1rio de negocia\u00e7\u00f5es [&hellip;]<\/p>\n","protected":false},"author":2,"featured_media":15132,"comment_status":"","ping_status":"","sticky":false,"template":"","format":"standard","meta":{"footnotes":""},"categories":[3],"tags":[],"class_list":["post-15133","post","type-post","status-publish","format-standard","has-post-thumbnail","hentry","category-noticias"],"_links":{"self":[{"href":"https:\/\/hostnetart.com.br\/baixada\/wp-json\/wp\/v2\/posts\/15133","targetHints":{"allow":["GET"]}}],"collection":[{"href":"https:\/\/hostnetart.com.br\/baixada\/wp-json\/wp\/v2\/posts"}],"about":[{"href":"https:\/\/hostnetart.com.br\/baixada\/wp-json\/wp\/v2\/types\/post"}],"author":[{"embeddable":true,"href":"https:\/\/hostnetart.com.br\/baixada\/wp-json\/wp\/v2\/users\/2"}],"replies":[{"embeddable":true,"href":"https:\/\/hostnetart.com.br\/baixada\/wp-json\/wp\/v2\/comments?post=15133"}],"version-history":[{"count":0,"href":"https:\/\/hostnetart.com.br\/baixada\/wp-json\/wp\/v2\/posts\/15133\/revisions"}],"wp:featuredmedia":[{"embeddable":true,"href":"https:\/\/hostnetart.com.br\/baixada\/wp-json\/wp\/v2\/media\/15132"}],"wp:attachment":[{"href":"https:\/\/hostnetart.com.br\/baixada\/wp-json\/wp\/v2\/media?parent=15133"}],"wp:term":[{"taxonomy":"category","embeddable":true,"href":"https:\/\/hostnetart.com.br\/baixada\/wp-json\/wp\/v2\/categories?post=15133"},{"taxonomy":"post_tag","embeddable":true,"href":"https:\/\/hostnetart.com.br\/baixada\/wp-json\/wp\/v2\/tags?post=15133"}],"curies":[{"name":"wp","href":"https:\/\/api.w.org\/{rel}","templated":true}]}}