{"id":15131,"date":"2024-04-03T16:42:36","date_gmt":"2024-04-03T19:42:36","guid":{"rendered":"https:\/\/hostnetart.com.br\/baixada\/sindicato-dos-bancarios-da-baixada-fluminense-percorre-agencias-de-vilar-dos-teles\/"},"modified":"2024-04-03T16:42:36","modified_gmt":"2024-04-03T19:42:36","slug":"sindicato-dos-bancarios-da-baixada-fluminense-percorre-agencias-de-vilar-dos-teles","status":"publish","type":"post","link":"https:\/\/hostnetart.com.br\/baixada\/sindicato-dos-bancarios-da-baixada-fluminense-percorre-agencias-de-vilar-dos-teles\/","title":{"rendered":"Sindicato dos Banc\u00e1rios da Baixada Fluminense percorre ag\u00eancias de Vilar dos Teles"},"content":{"rendered":"<p>Nesta quarta-feira, 3 de abril, o Sindicato dos Banc\u00e1rios da Baixada Fluminense percorreu ag\u00eancias banc\u00e1rias de Vilar dos Teles, em S\u00e3o Jo\u00e3o de Meriti, dando continuidade \u00e0 campanha de sindicaliza\u00e7\u00e3o e recadastramento de trabalhadores e trabalhadoras banc\u00e1rias de sua base de atua\u00e7\u00e3o, que se iniciou ano passado (2023).<\/p>\n<p>Al\u00e9m disso, as diretoras e diretores do Sindicato aproveitaram para falar da Campanha Nacional dos Banc\u00e1rios do ano de 2024.<\/p>\n<p>Os dirigentes sindicais conversaram com os trabalhadores sobre a import\u00e2ncia de ser sindicalizado, sobre seus direitos, descontos, conv\u00eanios de cultura e lazer, vantagens, cursos, entre outras coisas, das quais os sindicalizados tem direito.<\/p>\n<p>Al\u00e9m de contribuir para garantir direitos, manter a estrutura e servi\u00e7os do Sindicato, quem se associa \u00e0 entidade, tamb\u00e9m disp\u00f5e de atendimento jur\u00eddico, tratamento dent\u00e1rio para os banc\u00e1rios e seus dependentes, s\u00e3o auxiliados na emiss\u00e3o de CAT e recursos junto ao INSS (B91, B94, reconhecimento de incapacidade, contesta\u00e7\u00f5es, entre outros).<\/p>\n<p><b>SINDICALIZE-SE!<\/b><\/p>\n<p>S\u00f3 tem direitos quem se organiza, participa e fortalece seu sindicato.<\/p>\n<p>*<i>confira mais fotos em nossas redes sociais <\/i><\/p>\n","protected":false},"excerpt":{"rendered":"<p>Nesta quarta-feira, 3 de abril, o Sindicato dos Banc\u00e1rios da Baixada Fluminense percorreu ag\u00eancias banc\u00e1rias de Vilar dos Teles, em S\u00e3o Jo\u00e3o de Meriti, dando continuidade \u00e0 campanha de sindicaliza\u00e7\u00e3o e recadastramento de trabalhadores e trabalhadoras banc\u00e1rias de sua base de atua\u00e7\u00e3o, que se iniciou ano passado (2023). Al\u00e9m disso, as diretoras e diretores do [&hellip;]<\/p>\n","protected":false},"author":2,"featured_media":15130,"comment_status":"","ping_status":"","sticky":false,"template":"","format":"standard","meta":{"footnotes":""},"categories":[3],"tags":[],"class_list":["post-15131","post","type-post","status-publish","format-standard","has-post-thumbnail","hentry","category-noticias"],"_links":{"self":[{"href":"https:\/\/hostnetart.com.br\/baixada\/wp-json\/wp\/v2\/posts\/15131","targetHints":{"allow":["GET"]}}],"collection":[{"href":"https:\/\/hostnetart.com.br\/baixada\/wp-json\/wp\/v2\/posts"}],"about":[{"href":"https:\/\/hostnetart.com.br\/baixada\/wp-json\/wp\/v2\/types\/post"}],"author":[{"embeddable":true,"href":"https:\/\/hostnetart.com.br\/baixada\/wp-json\/wp\/v2\/users\/2"}],"replies":[{"embeddable":true,"href":"https:\/\/hostnetart.com.br\/baixada\/wp-json\/wp\/v2\/comments?post=15131"}],"version-history":[{"count":0,"href":"https:\/\/hostnetart.com.br\/baixada\/wp-json\/wp\/v2\/posts\/15131\/revisions"}],"wp:featuredmedia":[{"embeddable":true,"href":"https:\/\/hostnetart.com.br\/baixada\/wp-json\/wp\/v2\/media\/15130"}],"wp:attachment":[{"href":"https:\/\/hostnetart.com.br\/baixada\/wp-json\/wp\/v2\/media?parent=15131"}],"wp:term":[{"taxonomy":"category","embeddable":true,"href":"https:\/\/hostnetart.com.br\/baixada\/wp-json\/wp\/v2\/categories?post=15131"},{"taxonomy":"post_tag","embeddable":true,"href":"https:\/\/hostnetart.com.br\/baixada\/wp-json\/wp\/v2\/tags?post=15131"}],"curies":[{"name":"wp","href":"https:\/\/api.w.org\/{rel}","templated":true}]}}