{"id":1513,"date":"2013-09-25T00:00:00","date_gmt":"2013-09-25T03:00:00","guid":{"rendered":"https:\/\/hostnetart.com.br\/baixada\/justica-nega-interdito-proibitorio-ao-santander-em-sao-paulo\/"},"modified":"2013-09-25T00:00:00","modified_gmt":"2013-09-25T03:00:00","slug":"justica-nega-interdito-proibitorio-ao-santander-em-sao-paulo","status":"publish","type":"post","link":"https:\/\/hostnetart.com.br\/baixada\/justica-nega-interdito-proibitorio-ao-santander-em-sao-paulo\/","title":{"rendered":"Justi\u00e7a nega interdito proibit\u00f3rio ao Santander em S\u00e3o Paulo"},"content":{"rendered":"<p>O Santander ingressou, sem sucesso, com a\u00e7\u00e3o de interdito proibit\u00f3rio na Justi\u00e7a do Trabalho, solicitando liminar contra o Sindicato dos Banc\u00e1rios de S\u00e3o Paulo, em fun\u00e7\u00e3o das mobiliza\u00e7\u00f5es e greve dos banc\u00e1rios.<\/p>\n<p>\u00a0<\/p>\n<p>A ju\u00edza Adriana Maria Battistelli Varellis indeferiu o pedido destacando que \u201cas fotos juntadas indicam a exist\u00eancia do movimento grevista, anunciado por faixas nas portas das ag\u00eancias, mas n\u00e3o atestam o efetivo impedimento de acesso as mesmas (barreiras f\u00edsicas ou pessoas em atitudes intimidat\u00f3rias)\u201d.<\/p>\n<p>\u00a0<\/p>\n<p>\u201cO Santander tentou essa liminar em interdito proibit\u00f3rio e se deu mal. Se querem acabar com a greve, n\u00e3o conseguir\u00e3o com interdito ou contingenciamento, mas com uma proposta decente na mesa de negocia\u00e7\u00e3o\u201d, destaca a presidenta do Sindicato, Juvandia Moreira.<\/p>\n<p>\u00a0<\/p>\n<p>\u00a0<\/p>\n<p><strong>Grava\u00e7\u00e3o<\/strong><\/p>\n<p>\u00a0<\/p>\n<p>A a\u00e7\u00e3o do Santander menciona, ainda, a grava\u00e7\u00e3o feita por um advogado contratado pelo banco que tentou se passar por banc\u00e1rio para gravar imagens que comprovassem o impedimento do ingresso no local de trabalho.<\/p>\n<p>\u00a0<\/p>\n<p>A respeito dessa grava\u00e7\u00e3o, a ju\u00edza destaca \u201cque o autor da mesma n\u00e3o teve qualquer dificuldade para ingressar na \u00e1rea de autoatendimento e que n\u00e3o entrou pela porta girat\u00f3ria porque foi informado que a ag\u00eancia estava fechada\u201d. E completa: \u201cdepois, ao dizer que era funcion\u00e1rio do banco, o autor da grava\u00e7\u00e3o logo foi inquirido se era daquela ag\u00eancia, tendo respondido que n\u00e3o, que era de outra \u00e1rea. Logo, injustific\u00e1vel que quisesse adentrar para laborar naquela ag\u00eancia\u201d.<\/p>\n<p>\u00a0<\/p>\n<p>\u00a0<\/p>\n<p><strong>Interdito<\/strong><\/p>\n<p>\u00a0<\/p>\n<p>O interdito proibit\u00f3rio \u00e9 uma a\u00e7\u00e3o judicial prevista no C\u00f3digo de Processo Civil que visa repelir algum tipo de amea\u00e7a \u00e0 posse. Mas \u00e9 usada de forma inapropriada pelos bancos, que a utilizam com o \u00fanico prop\u00f3sito de impedir que os trabalhadores exer\u00e7am seu direito constitucional de greve.<\/p>\n<p>\u00a0<\/p>\n<p>\u201cO interdito proibit\u00f3rio \u00e9 um instrumento totalmente estranho \u00e0 rela\u00e7\u00e3o do trabalho. Querem impedir a presen\u00e7a dos grevistas como se fossem tomar os pr\u00e9dios ou como se os pr\u00f3prios trabalhadores fossem propriedade dos banqueiros\u201d, argumenta o advogado trabalhista Ericson Crivelli.<\/p>\n<p>\u00a0<\/p>\n<p>\u00a0<\/p>\n<p><strong>Outros<\/strong><\/p>\n<p>\u00a0<\/p>\n<p>O Bradesco e o Banco do Brasil tamb\u00e9m ingressaram com pedido de liminar na a\u00e7\u00e3o de interdito proibit\u00f3rio para S\u00e3o Paulo e o Sindicato j\u00e1 est\u00e1 tomando as medidas judiciais cab\u00edveis. No caso do BB, mandado de seguran\u00e7a impetrado pela entidade pro\u00edbe o uso de for\u00e7a policial para o cumprimento do interdito.<\/p>\n<p>\u00a0<\/p>\n<p>Em Barueri, o Bradesco tamb\u00e9m tentou, mas teve a liminar indeferida. A ju\u00edza Renata Prado de Oliveira Sim\u00f5es concluiu que \u201cn\u00e3o restou comprovado pelo autor (Bradesco) as alega\u00e7\u00f5es descritas na peti\u00e7\u00e3o inicial, a ponto de se constatar que o movimento grevista esteja impedindo o direito dos trabalhadores, clientes e p\u00fablico em geral de ir e vir, ou ainda, pr\u00e1ticas de atos e de amea\u00e7a \u00e0 posse objeto da a\u00e7\u00e3o.\u201d<\/p>\n<p>\u00a0<\/p>\n<p>Fonte: Contraf-CUT com Seeb S\u00e3o Paulo<\/p>\n","protected":false},"excerpt":{"rendered":"<p>O Santander ingressou, sem sucesso, com a\u00e7\u00e3o de interdito proibit\u00f3rio na Justi\u00e7a do Trabalho, solicitando liminar contra o Sindicato dos Banc\u00e1rios de S\u00e3o Paulo, em fun\u00e7\u00e3o das mobiliza\u00e7\u00f5es e greve dos banc\u00e1rios. \u00a0 A ju\u00edza Adriana Maria Battistelli Varellis indeferiu o pedido destacando que \u201cas fotos juntadas indicam a exist\u00eancia do movimento grevista, anunciado por [&hellip;]<\/p>\n","protected":false},"author":1,"featured_media":0,"comment_status":"","ping_status":"","sticky":false,"template":"","format":"standard","meta":{"footnotes":""},"categories":[3],"tags":[],"class_list":["post-1513","post","type-post","status-publish","format-standard","hentry","category-noticias"],"_links":{"self":[{"href":"https:\/\/hostnetart.com.br\/baixada\/wp-json\/wp\/v2\/posts\/1513","targetHints":{"allow":["GET"]}}],"collection":[{"href":"https:\/\/hostnetart.com.br\/baixada\/wp-json\/wp\/v2\/posts"}],"about":[{"href":"https:\/\/hostnetart.com.br\/baixada\/wp-json\/wp\/v2\/types\/post"}],"author":[{"embeddable":true,"href":"https:\/\/hostnetart.com.br\/baixada\/wp-json\/wp\/v2\/users\/1"}],"replies":[{"embeddable":true,"href":"https:\/\/hostnetart.com.br\/baixada\/wp-json\/wp\/v2\/comments?post=1513"}],"version-history":[{"count":0,"href":"https:\/\/hostnetart.com.br\/baixada\/wp-json\/wp\/v2\/posts\/1513\/revisions"}],"wp:attachment":[{"href":"https:\/\/hostnetart.com.br\/baixada\/wp-json\/wp\/v2\/media?parent=1513"}],"wp:term":[{"taxonomy":"category","embeddable":true,"href":"https:\/\/hostnetart.com.br\/baixada\/wp-json\/wp\/v2\/categories?post=1513"},{"taxonomy":"post_tag","embeddable":true,"href":"https:\/\/hostnetart.com.br\/baixada\/wp-json\/wp\/v2\/tags?post=1513"}],"curies":[{"name":"wp","href":"https:\/\/api.w.org\/{rel}","templated":true}]}}