{"id":15127,"date":"2024-04-02T14:18:18","date_gmt":"2024-04-02T17:18:18","guid":{"rendered":"https:\/\/hostnetart.com.br\/baixada\/depois-de-cobranca-do-movimento-sindical-mercantil-aumenta-limite-para-saque-diario\/"},"modified":"2024-04-02T14:18:18","modified_gmt":"2024-04-02T17:18:18","slug":"depois-de-cobranca-do-movimento-sindical-mercantil-aumenta-limite-para-saque-diario","status":"publish","type":"post","link":"https:\/\/hostnetart.com.br\/baixada\/depois-de-cobranca-do-movimento-sindical-mercantil-aumenta-limite-para-saque-diario\/","title":{"rendered":"Depois de cobran\u00e7a do movimento sindical, Mercantil aumenta limite para saque di\u00e1rio"},"content":{"rendered":"<p>Em janeiro de 2024, entidades sindicais de banc\u00e1rios de todo o Brasil receberam den\u00fancias de que a institui\u00e7\u00e3o financeira havia reduzido, para R$1.000,00, o limite de saque dos aposentados que recebem o pagamento do INSS em suas unidades. A medida obrigava os benefici\u00e1rios a terem que ir mais vezes na unidade banc\u00e1ria, o que gerava revolta e indigna\u00e7\u00e3o.<\/p>\n<p>Para Marco Aur\u00e9lio Alves, funcion\u00e1rio do Mercantil e coordenador Nacional da Comiss\u00e3o dos Empregados, valeu toda a press\u00e3o dos sindicatos sobre o banco. \u201cDenunciamos e cobramos uma provid\u00eancia urgente a favor dos aposentados e funcion\u00e1rios, que eram muito questionados pelos clientes. Mesmo que n\u00e3o exista uma resolu\u00e7\u00e3o do Banco Central que pro\u00edba o limite de saque di\u00e1rio, como o foi imposto pelo Mercantil, o que permite que cada banco estabele\u00e7a suas regras, a antiga limita\u00e7\u00e3o de R$ 1.000,00 prejudicava ainda mais os benefici\u00e1rios que recebem apenas um sal\u00e1rio-m\u00ednimo e que teriam de gastar mais com transporte e locomo\u00e7\u00e3o para sacar o res\u00edduo salarial. Um verdadeiro absurdo\u201d, observou.<\/p>\n<p>\u201cA decis\u00e3o pelo saque parcelado deveria ser de cada um, n\u00e3o uma coisa for\u00e7ada pelo banco. O aumento do limite para R$ 1.450,00 ir\u00e1 amenizar a situa\u00e7\u00e3o dos aposentados que recebem apenas o sal\u00e1rio e que poder\u00e3o sacar todo o benef\u00edcio de uma s\u00f3 vez\u201d, afirmou Vanderci Ant\u00f4nio da Silva, funcion\u00e1rio do Mercantil e dirigente sindical.<\/p>\n<p><strong>Fonte: Contraf-CUT<\/strong><\/p>\n","protected":false},"excerpt":{"rendered":"<p>Em janeiro de 2024, entidades sindicais de banc\u00e1rios de todo o Brasil receberam den\u00fancias de que a institui\u00e7\u00e3o financeira havia reduzido, para R$1.000,00, o limite de saque dos aposentados que recebem o pagamento do INSS em suas unidades. A medida obrigava os benefici\u00e1rios a terem que ir mais vezes na unidade banc\u00e1ria, o que gerava [&hellip;]<\/p>\n","protected":false},"author":2,"featured_media":15126,"comment_status":"","ping_status":"","sticky":false,"template":"","format":"standard","meta":{"footnotes":""},"categories":[3],"tags":[],"class_list":["post-15127","post","type-post","status-publish","format-standard","has-post-thumbnail","hentry","category-noticias"],"_links":{"self":[{"href":"https:\/\/hostnetart.com.br\/baixada\/wp-json\/wp\/v2\/posts\/15127","targetHints":{"allow":["GET"]}}],"collection":[{"href":"https:\/\/hostnetart.com.br\/baixada\/wp-json\/wp\/v2\/posts"}],"about":[{"href":"https:\/\/hostnetart.com.br\/baixada\/wp-json\/wp\/v2\/types\/post"}],"author":[{"embeddable":true,"href":"https:\/\/hostnetart.com.br\/baixada\/wp-json\/wp\/v2\/users\/2"}],"replies":[{"embeddable":true,"href":"https:\/\/hostnetart.com.br\/baixada\/wp-json\/wp\/v2\/comments?post=15127"}],"version-history":[{"count":0,"href":"https:\/\/hostnetart.com.br\/baixada\/wp-json\/wp\/v2\/posts\/15127\/revisions"}],"wp:featuredmedia":[{"embeddable":true,"href":"https:\/\/hostnetart.com.br\/baixada\/wp-json\/wp\/v2\/media\/15126"}],"wp:attachment":[{"href":"https:\/\/hostnetart.com.br\/baixada\/wp-json\/wp\/v2\/media?parent=15127"}],"wp:term":[{"taxonomy":"category","embeddable":true,"href":"https:\/\/hostnetart.com.br\/baixada\/wp-json\/wp\/v2\/categories?post=15127"},{"taxonomy":"post_tag","embeddable":true,"href":"https:\/\/hostnetart.com.br\/baixada\/wp-json\/wp\/v2\/tags?post=15127"}],"curies":[{"name":"wp","href":"https:\/\/api.w.org\/{rel}","templated":true}]}}